{"id":1793,"date":"2023-08-18T16:00:09","date_gmt":"2023-08-18T16:00:09","guid":{"rendered":"https:\/\/www.hospitalelcalafate.gob.ar\/?p=1793"},"modified":"2023-08-29T14:04:00","modified_gmt":"2023-08-29T14:04:00","slug":"exitosa-ablacion-de-organos-en-el-calafate","status":"publish","type":"post","link":"https:\/\/www.hospitalelcalafate.gob.ar\/?p=1793","title":{"rendered":"Exitosa ablaci\u00f3n de \u00f3rganos en El Calafate"},"content":{"rendered":"\n<h2 class=\"wp-block-heading has-text-align-center\"><strong>Exitosa ablaci\u00f3n de \u00f3rganos en El Calafate<\/strong><\/h2>\n\n\n\n<div style=\"height:71px\" aria-hidden=\"true\" class=\"wp-block-spacer\"><\/div>\n\n\n\n<p class=\"has-medium-font-size\">El viernes 18 de agosto, se realiz\u00f3 una exitosa&nbsp;<strong>ablaci\u00f3n de \u00f3rganos en el Hospital<\/strong>, procedimiento coordinado con el INCUCAI (Instituto Nacional Central \u00danico Coordinador de Ablaci\u00f3n e Implante) a trav\u00e9s de los doctores Leandro Mosna y Nicol\u00e1s S\u00e1nchez, junto al director ejecutivo del nosocomio, el doctor Javier Lerena y la Coordinadora Provincial, la doctora Laura Beveraggi.<\/p>\n\n\n\n<p class=\"has-medium-font-size\">El equipo quir\u00fargico que particip\u00f3 de la operaci\u00f3n incluy\u00f3 los servicios de Terapia Intensiva, Enfermer\u00eda, Instrumentaci\u00f3n Quir\u00fargica y Cirug\u00eda General.<\/p>\n\n\n\n<p class=\"has-medium-font-size\">De la ablaci\u00f3n se extrajeron de manera exitosa dos ri\u00f1ones y las c\u00f3rneas de una mujer fallecida con diagn\u00f3stico de muerte encef\u00e1lica.&nbsp;<\/p>\n\n\n\n<div class=\"wp-block-uagb-container uagb-block-15d562f3 default uagb-is-root-container\">\n<figure class=\"wp-block-embed is-type-video is-provider-youtube wp-block-embed-youtube wp-embed-aspect-16-9 wp-has-aspect-ratio\"><div class=\"wp-block-embed__wrapper\">\n<div class=\"ast-oembed-container \" style=\"height: 100%;\"><iframe loading=\"lazy\" title=\"Ablaci\u00f3n de \u00f3rganos\" width=\"500\" height=\"281\" src=\"https:\/\/www.youtube.com\/embed\/xSkFzfduQS4?feature=oembed\" frameborder=\"0\" allow=\"accelerometer; autoplay; clipboard-write; encrypted-media; gyroscope; picture-in-picture; web-share\" referrerpolicy=\"strict-origin-when-cross-origin\" allowfullscreen><\/iframe><\/div>\n<\/div><\/figure>\n<\/div>\n","protected":false},"excerpt":{"rendered":"<p>Exitosa ablaci\u00f3n de \u00f3rganos en El Calafate El viernes 18 de agosto, se realiz\u00f3 una exitosa&nbsp;ablaci\u00f3n de \u00f3rganos en el Hospital, procedimiento coordinado con el INCUCAI (Instituto Nacional Central \u00danico Coordinador de Ablaci\u00f3n e Implante) a trav\u00e9s de los doctores Leandro Mosna y Nicol\u00e1s S\u00e1nchez, junto al director ejecutivo del nosocomio, el doctor Javier Lerena [&hellip;]<\/p>\n","protected":false},"author":3,"featured_media":1798,"comment_status":"closed","ping_status":"closed","sticky":false,"template":"","format":"standard","meta":{"_eb_attr":"","_uag_custom_page_level_css":"","advgb_blocks_editor_width":"","advgb_blocks_columns_visual_guide":"","site-sidebar-layout":"default","site-content-layout":"","ast-site-content-layout":"default","site-content-style":"default","site-sidebar-style":"default","ast-global-header-display":"","ast-banner-title-visibility":"","ast-main-header-display":"","ast-hfb-above-header-display":"","ast-hfb-below-header-display":"","ast-hfb-mobile-header-display":"","site-post-title":"","ast-breadcrumbs-content":"","ast-featured-img":"","footer-sml-layout":"","theme-transparent-header-meta":"","adv-header-id-meta":"","stick-header-meta":"","header-above-stick-meta":"","header-main-stick-meta":"","header-below-stick-meta":"","astra-migrate-meta-layouts":"set","ast-page-background-enabled":"default","ast-page-background-meta":{"desktop":{"background-color":"var(--ast-global-color-4)","background-image":"","background-repeat":"repeat","background-position":"center center","background-size":"auto","background-attachment":"scroll","background-type":"","background-media":"","overlay-type":"","overlay-color":"","overlay-opacity":"","overlay-gradient":""},"tablet":{"background-color":"","background-image":"","background-repeat":"repeat","background-position":"center center","background-size":"auto","background-attachment":"scroll","background-type":"","background-media":"","overlay-type":"","overlay-color":"","overlay-opacity":"","overlay-gradient":""},"mobile":{"background-color":"","background-image":"","background-repeat":"repeat","background-position":"center center","background-size":"auto","background-attachment":"scroll","background-type":"","background-media":"","overlay-type":"","overlay-color":"","overlay-opacity":"","overlay-gradient":""}},"ast-content-background-meta":{"desktop":{"background-color":"var(--ast-global-color-5)","background-image":"","background-repeat":"repeat","background-position":"center center","background-size":"auto","background-attachment":"scroll","background-type":"","background-media":"","overlay-type":"","overlay-color":"","overlay-opacity":"","overlay-gradient":""},"tablet":{"background-color":"var(--ast-global-color-5)","background-image":"","background-repeat":"repeat","background-position":"center center","background-size":"auto","background-attachment":"scroll","background-type":"","background-media":"","overlay-type":"","overlay-color":"","overlay-opacity":"","overlay-gradient":""},"mobile":{"background-color":"var(--ast-global-color-5)","background-image":"","background-repeat":"repeat","background-position":"center center","background-size":"auto","background-attachment":"scroll","background-type":"","background-media":"","overlay-type":"","overlay-color":"","overlay-opacity":"","overlay-gradient":""}},"footnotes":""},"categories":[14,1],"tags":[],"class_list":["post-1793","post","type-post","status-publish","format-standard","has-post-thumbnail","hentry","category-divulgacion","category-todas"],"author_meta":{"display_name":"Comunicaci\u00f3n","author_link":"https:\/\/www.hospitalelcalafate.gob.ar\/?author=3"},"featured_img":"https:\/\/www.hospitalelcalafate.gob.ar\/wp-content\/uploads\/2023\/08\/Frente-Hospital-300x184.jpg","uagb_featured_image_src":{"full":["https:\/\/www.hospitalelcalafate.gob.ar\/wp-content\/uploads\/2023\/08\/Frente-Hospital.jpg",742,454,false],"thumbnail":["https:\/\/www.hospitalelcalafate.gob.ar\/wp-content\/uploads\/2023\/08\/Frente-Hospital-150x150.jpg",150,150,true],"medium":["https:\/\/www.hospitalelcalafate.gob.ar\/wp-content\/uploads\/2023\/08\/Frente-Hospital-300x184.jpg",300,184,true],"medium_large":["https:\/\/www.hospitalelcalafate.gob.ar\/wp-content\/uploads\/2023\/08\/Frente-Hospital.jpg",742,454,false],"large":["https:\/\/www.hospitalelcalafate.gob.ar\/wp-content\/uploads\/2023\/08\/Frente-Hospital.jpg",742,454,false],"1536x1536":["https:\/\/www.hospitalelcalafate.gob.ar\/wp-content\/uploads\/2023\/08\/Frente-Hospital.jpg",742,454,false],"2048x2048":["https:\/\/www.hospitalelcalafate.gob.ar\/wp-content\/uploads\/2023\/08\/Frente-Hospital.jpg",742,454,false]},"uagb_author_info":{"display_name":"Comunicaci\u00f3n","author_link":"https:\/\/www.hospitalelcalafate.gob.ar\/?author=3"},"uagb_comment_info":0,"uagb_excerpt":"Exitosa ablaci\u00f3n de \u00f3rganos en El Calafate El viernes 18 de agosto, se realiz\u00f3 una exitosa&nbsp;ablaci\u00f3n de \u00f3rganos en el Hospital, procedimiento coordinado con el INCUCAI (Instituto Nacional Central \u00danico Coordinador de Ablaci\u00f3n e Implante) a trav\u00e9s de los doctores Leandro Mosna y Nicol\u00e1s S\u00e1nchez, junto al director ejecutivo del nosocomio, el doctor Javier Lerena&hellip;","coauthors":[],"tax_additional":{"categories":{"linked":["<a href=\"https:\/\/www.hospitalelcalafate.gob.ar\/?cat=14\" class=\"advgb-post-tax-term\">Divulgaci\u00f3n<\/a>","<a href=\"https:\/\/www.hospitalelcalafate.gob.ar\/?cat=1\" class=\"advgb-post-tax-term\">Todas<\/a>"],"unlinked":["<span class=\"advgb-post-tax-term\">Divulgaci\u00f3n<\/span>","<span class=\"advgb-post-tax-term\">Todas<\/span>"]}},"comment_count":"0","relative_dates":{"created":"Publicado 3 a\u00f1os hace","modified":"Actualizado 3 a\u00f1os hace"},"absolute_dates":{"created":"Publicado el 18 de agosto de 2023","modified":"Actualizado el 29 de agosto de 2023"},"absolute_dates_time":{"created":"Publicado el 18 de agosto de 2023 4:00 pm","modified":"Actualizado el 29 de agosto de 2023 2:04 pm"},"featured_img_caption":"","series_order":"","_links":{"self":[{"href":"https:\/\/www.hospitalelcalafate.gob.ar\/index.php?rest_route=\/wp\/v2\/posts\/1793","targetHints":{"allow":["GET"]}}],"collection":[{"href":"https:\/\/www.hospitalelcalafate.gob.ar\/index.php?rest_route=\/wp\/v2\/posts"}],"about":[{"href":"https:\/\/www.hospitalelcalafate.gob.ar\/index.php?rest_route=\/wp\/v2\/types\/post"}],"author":[{"embeddable":true,"href":"https:\/\/www.hospitalelcalafate.gob.ar\/index.php?rest_route=\/wp\/v2\/users\/3"}],"replies":[{"embeddable":true,"href":"https:\/\/www.hospitalelcalafate.gob.ar\/index.php?rest_route=%2Fwp%2Fv2%2Fcomments&post=1793"}],"version-history":[{"count":7,"href":"https:\/\/www.hospitalelcalafate.gob.ar\/index.php?rest_route=\/wp\/v2\/posts\/1793\/revisions"}],"predecessor-version":[{"id":1803,"href":"https:\/\/www.hospitalelcalafate.gob.ar\/index.php?rest_route=\/wp\/v2\/posts\/1793\/revisions\/1803"}],"wp:featuredmedia":[{"embeddable":true,"href":"https:\/\/www.hospitalelcalafate.gob.ar\/index.php?rest_route=\/wp\/v2\/media\/1798"}],"wp:attachment":[{"href":"https:\/\/www.hospitalelcalafate.gob.ar\/index.php?rest_route=%2Fwp%2Fv2%2Fmedia&parent=1793"}],"wp:term":[{"taxonomy":"category","embeddable":true,"href":"https:\/\/www.hospitalelcalafate.gob.ar\/index.php?rest_route=%2Fwp%2Fv2%2Fcategories&post=1793"},{"taxonomy":"post_tag","embeddable":true,"href":"https:\/\/www.hospitalelcalafate.gob.ar\/index.php?rest_route=%2Fwp%2Fv2%2Ftags&post=1793"}],"curies":[{"name":"wp","href":"https:\/\/api.w.org\/{rel}","templated":true}]}}