{"id":1974,"date":"2023-08-23T13:44:07","date_gmt":"2023-08-23T13:44:07","guid":{"rendered":"https:\/\/www.hospitalelcalafate.gob.ar\/?p=1974"},"modified":"2023-08-29T15:30:33","modified_gmt":"2023-08-29T15:30:33","slug":"capacitacion-en-red","status":"publish","type":"post","link":"https:\/\/www.hospitalelcalafate.gob.ar\/?p=1974","title":{"rendered":"Capacitaci\u00f3n especializada en el Hospital SAMIC El Calafate"},"content":{"rendered":"\n<h2 class=\"wp-block-heading has-text-align-center\" style=\"margin-bottom:var(--wp--preset--spacing--80)\">Capacitaci\u00f3n especializada en el Hospital SAMIC El Calafate<\/h2>\n\n\n\n<p>Capacitaci\u00f3n Especializada en el Hospital SAMIC de la Red Federal de Gen\u00f3mica y Bioinform\u00e1tica &#8211; UOCNGyB-Malbr\u00e1n<\/p>\n\n\n\n<p>Nos enorgullece ser sede de una capacitaci\u00f3n centrada en el an\u00e1lisis de exomas y paneles. El Dr. Javier Lerena, Director Ejecutivo de nuestra instituci\u00f3n, dio inicio a esta capacitaci\u00f3n de 10 d\u00edas junto al Dr. David Bruque, referente de la Unidad de Conocimiento Traslacional Hospitalaria Patag\u00f3nica.<\/p>\n\n\n\n<p>Esta formaci\u00f3n ha sido especialmente significativa dado que contamos con la participaci\u00f3n de destacados profesionales provenientes de instituciones como el Hospital de Alta Complejidad &nbsp;El Cruce, ANLIS- Malbr\u00e1n, Laboratorio central del Ministerio de Salud de C\u00f3rdoba y el Instituto de Gen\u00e9tica Humana de Posadas, Misiones.<\/p>\n\n\n\n<p>Durante la jornada, adem\u00e1s de abordar conceptos te\u00f3ricos fundamentales, los participantes tuvieron la oportunidad de recorrer y familiarizarse con las instalaciones de nuestro hospital, el intercambio de conocimientos y experiencias entre estas entidades refuerza nuestro compromiso colectivo con la mejora continua.<\/p>\n\n\n\n<div class=\"wp-block-columns is-layout-flex wp-container-core-columns-is-layout-28f84493 wp-block-columns-is-layout-flex\">\n<div class=\"wp-block-column is-layout-flow wp-block-column-is-layout-flow\">\n<div class=\"wp-block-uagb-image aligncenter uagb-block-c014632b wp-block-uagb-image--layout-overlay wp-block-uagb-image--effect-static wp-block-uagb-image--align-center\"><figure class=\"wp-block-uagb-image__figure\"><img decoding=\"async\" srcset=\"https:\/\/www.hospitalelcalafate.gob.ar\/wp-content\/uploads\/2023\/08\/Capacitacion-en-red-3.jpg \" sizes=\"auto, (max-width: 480px) 150px\" src=\"https:\/\/www.hospitalelcalafate.gob.ar\/wp-content\/uploads\/2023\/08\/Capacitacion-en-red-3.jpg\" alt=\"\" class=\"uag-image-1979\" width=\"600\" height=\"309\" title=\"\" loading=\"lazy\"\/><div class=\"wp-block-uagb-image--layout-overlay__color-wrapper\"><\/div><div class=\"wp-block-uagb-image--layout-overlay__inner center-center\"><a class=\"wp-block-uagb-image--layout-overlay-link \" href=\"\" target=\"\" rel=\"noopener\"><\/a><\/div><\/figure><\/div>\n<\/div>\n\n\n\n<div class=\"wp-block-column is-layout-flow wp-block-column-is-layout-flow\">\n<div class=\"wp-block-uagb-image aligncenter uagb-block-aa8a4aa9 wp-block-uagb-image--layout-default wp-block-uagb-image--effect-static wp-block-uagb-image--align-center\"><figure class=\"wp-block-uagb-image__figure\"><img decoding=\"async\" srcset=\"https:\/\/www.hospitalelcalafate.gob.ar\/wp-content\/uploads\/2023\/08\/Capacitacion-en-red-4.jpg \" sizes=\"auto, (max-width: 480px) 150px\" src=\"https:\/\/www.hospitalelcalafate.gob.ar\/wp-content\/uploads\/2023\/08\/Capacitacion-en-red-4.jpg\" alt=\"\" class=\"uag-image-1978\" width=\"600\" height=\"309\" title=\"\" loading=\"lazy\"\/><\/figure><\/div>\n<\/div>\n<\/div>\n\n\n\n<div class=\"wp-block-columns is-layout-flex wp-container-core-columns-is-layout-28f84493 wp-block-columns-is-layout-flex\">\n<div class=\"wp-block-column is-layout-flow wp-block-column-is-layout-flow\">\n<div class=\"wp-block-uagb-image aligncenter uagb-block-669bbaff wp-block-uagb-image--layout-default wp-block-uagb-image--effect-static wp-block-uagb-image--align-center\"><figure class=\"wp-block-uagb-image__figure\"><img decoding=\"async\" srcset=\"https:\/\/www.hospitalelcalafate.gob.ar\/wp-content\/uploads\/2023\/08\/Capacitacion-en-red-1.jpg \" sizes=\"auto, (max-width: 480px) 150px\" src=\"https:\/\/www.hospitalelcalafate.gob.ar\/wp-content\/uploads\/2023\/08\/Capacitacion-en-red-1.jpg\" alt=\"\" class=\"uag-image-1977\" width=\"600\" height=\"309\" title=\"\" loading=\"lazy\"\/><\/figure><\/div>\n<\/div>\n\n\n\n<div class=\"wp-block-column is-layout-flow wp-block-column-is-layout-flow\">\n<div class=\"wp-block-uagb-image aligncenter uagb-block-2828a9f4 wp-block-uagb-image--layout-default wp-block-uagb-image--effect-static wp-block-uagb-image--align-center\"><figure class=\"wp-block-uagb-image__figure\"><img decoding=\"async\" srcset=\"https:\/\/www.hospitalelcalafate.gob.ar\/wp-content\/uploads\/2023\/08\/Capacitacion-en-red-2.jpg \" sizes=\"auto, (max-width: 480px) 150px\" src=\"https:\/\/www.hospitalelcalafate.gob.ar\/wp-content\/uploads\/2023\/08\/Capacitacion-en-red-2.jpg\" alt=\"\" class=\"uag-image-1976\" width=\"600\" height=\"309\" title=\"\" loading=\"lazy\"\/><\/figure><\/div>\n<\/div>\n<\/div>\n","protected":false},"excerpt":{"rendered":"<p>Capacitaci\u00f3n especializada en el Hospital SAMIC El Calafate Capacitaci\u00f3n Especializada en el Hospital SAMIC de la Red Federal de Gen\u00f3mica y Bioinform\u00e1tica &#8211; UOCNGyB-Malbr\u00e1n Nos enorgullece ser sede de una capacitaci\u00f3n centrada en el an\u00e1lisis de exomas y paneles. El Dr. Javier Lerena, Director Ejecutivo de nuestra instituci\u00f3n, dio inicio a esta capacitaci\u00f3n de 10 [&hellip;]<\/p>\n","protected":false},"author":3,"featured_media":1979,"comment_status":"closed","ping_status":"closed","sticky":false,"template":"","format":"standard","meta":{"_eb_attr":"","_uag_custom_page_level_css":"","advgb_blocks_editor_width":"","advgb_blocks_columns_visual_guide":"","site-sidebar-layout":"default","site-content-layout":"","ast-site-content-layout":"default","site-content-style":"default","site-sidebar-style":"default","ast-global-header-display":"","ast-banner-title-visibility":"","ast-main-header-display":"","ast-hfb-above-header-display":"","ast-hfb-below-header-display":"","ast-hfb-mobile-header-display":"","site-post-title":"","ast-breadcrumbs-content":"","ast-featured-img":"","footer-sml-layout":"","theme-transparent-header-meta":"","adv-header-id-meta":"","stick-header-meta":"","header-above-stick-meta":"","header-main-stick-meta":"","header-below-stick-meta":"","astra-migrate-meta-layouts":"set","ast-page-background-enabled":"default","ast-page-background-meta":{"desktop":{"background-color":"var(--ast-global-color-4)","background-image":"","background-repeat":"repeat","background-position":"center center","background-size":"auto","background-attachment":"scroll","background-type":"","background-media":"","overlay-type":"","overlay-color":"","overlay-opacity":"","overlay-gradient":""},"tablet":{"background-color":"","background-image":"","background-repeat":"repeat","background-position":"center center","background-size":"auto","background-attachment":"scroll","background-type":"","background-media":"","overlay-type":"","overlay-color":"","overlay-opacity":"","overlay-gradient":""},"mobile":{"background-color":"","background-image":"","background-repeat":"repeat","background-position":"center center","background-size":"auto","background-attachment":"scroll","background-type":"","background-media":"","overlay-type":"","overlay-color":"","overlay-opacity":"","overlay-gradient":""}},"ast-content-background-meta":{"desktop":{"background-color":"var(--ast-global-color-5)","background-image":"","background-repeat":"repeat","background-position":"center center","background-size":"auto","background-attachment":"scroll","background-type":"","background-media":"","overlay-type":"","overlay-color":"","overlay-opacity":"","overlay-gradient":""},"tablet":{"background-color":"var(--ast-global-color-5)","background-image":"","background-repeat":"repeat","background-position":"center center","background-size":"auto","background-attachment":"scroll","background-type":"","background-media":"","overlay-type":"","overlay-color":"","overlay-opacity":"","overlay-gradient":""},"mobile":{"background-color":"var(--ast-global-color-5)","background-image":"","background-repeat":"repeat","background-position":"center center","background-size":"auto","background-attachment":"scroll","background-type":"","background-media":"","overlay-type":"","overlay-color":"","overlay-opacity":"","overlay-gradient":""}},"footnotes":""},"categories":[14,1],"tags":[],"class_list":["post-1974","post","type-post","status-publish","format-standard","has-post-thumbnail","hentry","category-divulgacion","category-todas"],"author_meta":{"display_name":"Comunicaci\u00f3n","author_link":"https:\/\/www.hospitalelcalafate.gob.ar\/?author=3"},"featured_img":"https:\/\/www.hospitalelcalafate.gob.ar\/wp-content\/uploads\/2023\/08\/Capacitacion-en-red-3-300x155.jpg","uagb_featured_image_src":{"full":["https:\/\/www.hospitalelcalafate.gob.ar\/wp-content\/uploads\/2023\/08\/Capacitacion-en-red-3.jpg",600,309,false],"thumbnail":["https:\/\/www.hospitalelcalafate.gob.ar\/wp-content\/uploads\/2023\/08\/Capacitacion-en-red-3-150x150.jpg",150,150,true],"medium":["https:\/\/www.hospitalelcalafate.gob.ar\/wp-content\/uploads\/2023\/08\/Capacitacion-en-red-3-300x155.jpg",300,155,true],"medium_large":["https:\/\/www.hospitalelcalafate.gob.ar\/wp-content\/uploads\/2023\/08\/Capacitacion-en-red-3.jpg",600,309,false],"large":["https:\/\/www.hospitalelcalafate.gob.ar\/wp-content\/uploads\/2023\/08\/Capacitacion-en-red-3.jpg",600,309,false],"1536x1536":["https:\/\/www.hospitalelcalafate.gob.ar\/wp-content\/uploads\/2023\/08\/Capacitacion-en-red-3.jpg",600,309,false],"2048x2048":["https:\/\/www.hospitalelcalafate.gob.ar\/wp-content\/uploads\/2023\/08\/Capacitacion-en-red-3.jpg",600,309,false]},"uagb_author_info":{"display_name":"Comunicaci\u00f3n","author_link":"https:\/\/www.hospitalelcalafate.gob.ar\/?author=3"},"uagb_comment_info":0,"uagb_excerpt":"Capacitaci\u00f3n especializada en el Hospital SAMIC El Calafate Capacitaci\u00f3n Especializada en el Hospital SAMIC de la Red Federal de Gen\u00f3mica y Bioinform\u00e1tica &#8211; UOCNGyB-Malbr\u00e1n Nos enorgullece ser sede de una capacitaci\u00f3n centrada en el an\u00e1lisis de exomas y paneles. El Dr. Javier Lerena, Director Ejecutivo de nuestra instituci\u00f3n, dio inicio a esta capacitaci\u00f3n de 10&hellip;","coauthors":[],"tax_additional":{"categories":{"linked":["<a href=\"https:\/\/www.hospitalelcalafate.gob.ar\/?cat=14\" class=\"advgb-post-tax-term\">Divulgaci\u00f3n<\/a>","<a href=\"https:\/\/www.hospitalelcalafate.gob.ar\/?cat=1\" class=\"advgb-post-tax-term\">Todas<\/a>"],"unlinked":["<span class=\"advgb-post-tax-term\">Divulgaci\u00f3n<\/span>","<span class=\"advgb-post-tax-term\">Todas<\/span>"]}},"comment_count":"0","relative_dates":{"created":"Publicado 3 a\u00f1os hace","modified":"Actualizado 3 a\u00f1os hace"},"absolute_dates":{"created":"Publicado el 23 de agosto de 2023","modified":"Actualizado el 29 de agosto de 2023"},"absolute_dates_time":{"created":"Publicado el 23 de agosto de 2023 1:44 pm","modified":"Actualizado el 29 de agosto de 2023 3:30 pm"},"featured_img_caption":"","series_order":"","_links":{"self":[{"href":"https:\/\/www.hospitalelcalafate.gob.ar\/index.php?rest_route=\/wp\/v2\/posts\/1974","targetHints":{"allow":["GET"]}}],"collection":[{"href":"https:\/\/www.hospitalelcalafate.gob.ar\/index.php?rest_route=\/wp\/v2\/posts"}],"about":[{"href":"https:\/\/www.hospitalelcalafate.gob.ar\/index.php?rest_route=\/wp\/v2\/types\/post"}],"author":[{"embeddable":true,"href":"https:\/\/www.hospitalelcalafate.gob.ar\/index.php?rest_route=\/wp\/v2\/users\/3"}],"replies":[{"embeddable":true,"href":"https:\/\/www.hospitalelcalafate.gob.ar\/index.php?rest_route=%2Fwp%2Fv2%2Fcomments&post=1974"}],"version-history":[{"count":5,"href":"https:\/\/www.hospitalelcalafate.gob.ar\/index.php?rest_route=\/wp\/v2\/posts\/1974\/revisions"}],"predecessor-version":[{"id":2226,"href":"https:\/\/www.hospitalelcalafate.gob.ar\/index.php?rest_route=\/wp\/v2\/posts\/1974\/revisions\/2226"}],"wp:featuredmedia":[{"embeddable":true,"href":"https:\/\/www.hospitalelcalafate.gob.ar\/index.php?rest_route=\/wp\/v2\/media\/1979"}],"wp:attachment":[{"href":"https:\/\/www.hospitalelcalafate.gob.ar\/index.php?rest_route=%2Fwp%2Fv2%2Fmedia&parent=1974"}],"wp:term":[{"taxonomy":"category","embeddable":true,"href":"https:\/\/www.hospitalelcalafate.gob.ar\/index.php?rest_route=%2Fwp%2Fv2%2Fcategories&post=1974"},{"taxonomy":"post_tag","embeddable":true,"href":"https:\/\/www.hospitalelcalafate.gob.ar\/index.php?rest_route=%2Fwp%2Fv2%2Ftags&post=1974"}],"curies":[{"name":"wp","href":"https:\/\/api.w.org\/{rel}","templated":true}]}}