{"id":2032,"date":"2023-08-04T13:00:56","date_gmt":"2023-08-04T13:00:56","guid":{"rendered":"https:\/\/www.hospitalelcalafate.gob.ar\/?p=2032"},"modified":"2023-09-08T11:17:07","modified_gmt":"2023-09-08T11:17:07","slug":"convocatoria-de-especialistas-en-oftalmologia-pediatrica-terapia-intensiva-infantil-y-adulto-y-urologia","status":"publish","type":"post","link":"https:\/\/www.hospitalelcalafate.gob.ar\/?p=2032","title":{"rendered":"Convocatoria de especialistas en Oftalmolog\u00eda Pedi\u00e1trica, Terapia Intensiva Infantil y Adulto y Urolog\u00eda"},"content":{"rendered":"\n<div class=\"wp-block-essential-blocks-button\"><div class=\"eb-parent-wrapper eb-parent-eb-button-j2q3g0l \"><div class=\"eb-button-wrapper eb-button-alignment eb-button-j2q3g0l\"><div class=\"eb-button\"><a class=\"eb-button-anchor\" href=\"https:\/\/www.hospitalelcalafate.gob.ar\/?page_id=2038\" rel=\"noopener\"><i class=\"fas fa-arrow-left eb-button-icon eb-button-icon-left hvr-icon\"><\/i>Volver a Convocatorias<\/a><\/div><\/div><\/div><\/div>\n\n\n\n<h2 class=\"wp-block-heading has-text-align-center\">Convocatoria de Especialistas<\/h2>\n\n\n\n<p class=\"has-text-align-center has-medium-font-size\">Env\u00edanos tu CV a cv@hospitalelcalafate.gob.ar<\/p>\n\n\n\n<div style=\"height:100px\" aria-hidden=\"true\" class=\"wp-block-spacer\"><\/div>\n\n\n\n<div class=\"wp-block-uagb-container uagb-block-c27bc1dd alignfull uagb-is-root-container\"><div class=\"uagb-container-inner-blocks-wrap\">\n<div class=\"wp-block-uagb-container uagb-block-e4db731e\">\n<figure class=\"wp-block-image size-full\"><img loading=\"lazy\" decoding=\"async\" width=\"600\" height=\"600\" src=\"https:\/\/www.hospitalelcalafate.gob.ar\/wp-content\/uploads\/2023\/08\/Convocatoria-Oftalmologia-Pediatrica.jpg\" alt=\"\" class=\"wp-image-2028\" srcset=\"https:\/\/www.hospitalelcalafate.gob.ar\/wp-content\/uploads\/2023\/08\/Convocatoria-Oftalmologia-Pediatrica.jpg 600w, https:\/\/www.hospitalelcalafate.gob.ar\/wp-content\/uploads\/2023\/08\/Convocatoria-Oftalmologia-Pediatrica-300x300.jpg 300w, https:\/\/www.hospitalelcalafate.gob.ar\/wp-content\/uploads\/2023\/08\/Convocatoria-Oftalmologia-Pediatrica-150x150.jpg 150w\" sizes=\"auto, (max-width: 600px) 100vw, 600px\" \/><\/figure>\n<\/div>\n\n\n\n<div class=\"wp-block-uagb-container uagb-block-4fd8824f\">\n<figure class=\"wp-block-image size-full\"><img loading=\"lazy\" decoding=\"async\" width=\"600\" height=\"600\" src=\"https:\/\/www.hospitalelcalafate.gob.ar\/wp-content\/uploads\/2023\/08\/Convocatoria-Urologo.jpg\" alt=\"\" class=\"wp-image-2031\" srcset=\"https:\/\/www.hospitalelcalafate.gob.ar\/wp-content\/uploads\/2023\/08\/Convocatoria-Urologo.jpg 600w, https:\/\/www.hospitalelcalafate.gob.ar\/wp-content\/uploads\/2023\/08\/Convocatoria-Urologo-300x300.jpg 300w, https:\/\/www.hospitalelcalafate.gob.ar\/wp-content\/uploads\/2023\/08\/Convocatoria-Urologo-150x150.jpg 150w\" sizes=\"auto, (max-width: 600px) 100vw, 600px\" \/><\/figure>\n<\/div>\n\n\n\n<div class=\"wp-block-uagb-container uagb-block-a431026e\">\n<figure class=\"wp-block-image size-full\"><img loading=\"lazy\" decoding=\"async\" width=\"600\" height=\"600\" src=\"https:\/\/www.hospitalelcalafate.gob.ar\/wp-content\/uploads\/2023\/08\/Convocatoria-Terapia-Infantil.jpg\" alt=\"\" class=\"wp-image-2029\" srcset=\"https:\/\/www.hospitalelcalafate.gob.ar\/wp-content\/uploads\/2023\/08\/Convocatoria-Terapia-Infantil.jpg 600w, https:\/\/www.hospitalelcalafate.gob.ar\/wp-content\/uploads\/2023\/08\/Convocatoria-Terapia-Infantil-300x300.jpg 300w, https:\/\/www.hospitalelcalafate.gob.ar\/wp-content\/uploads\/2023\/08\/Convocatoria-Terapia-Infantil-150x150.jpg 150w\" sizes=\"auto, (max-width: 600px) 100vw, 600px\" \/><\/figure>\n<\/div>\n\n\n\n<div class=\"wp-block-uagb-container uagb-block-6ac248a1\">\n<figure class=\"wp-block-image size-full\"><img loading=\"lazy\" decoding=\"async\" width=\"600\" height=\"600\" src=\"https:\/\/www.hospitalelcalafate.gob.ar\/wp-content\/uploads\/2023\/08\/Convocatoria-Terapia-Adulto.jpg\" alt=\"\" class=\"wp-image-2030\" srcset=\"https:\/\/www.hospitalelcalafate.gob.ar\/wp-content\/uploads\/2023\/08\/Convocatoria-Terapia-Adulto.jpg 600w, https:\/\/www.hospitalelcalafate.gob.ar\/wp-content\/uploads\/2023\/08\/Convocatoria-Terapia-Adulto-300x300.jpg 300w, https:\/\/www.hospitalelcalafate.gob.ar\/wp-content\/uploads\/2023\/08\/Convocatoria-Terapia-Adulto-150x150.jpg 150w\" sizes=\"auto, (max-width: 600px) 100vw, 600px\" \/><\/figure>\n<\/div>\n<\/div><\/div>\n","protected":false},"excerpt":{"rendered":"<p>Convocatoria de Especialistas Env\u00edanos tu CV a cv@hospitalelcalafate.gob.ar<\/p>\n","protected":false},"author":3,"featured_media":2037,"comment_status":"closed","ping_status":"closed","sticky":false,"template":"","format":"standard","meta":{"_eb_attr":"","_uag_custom_page_level_css":"","advgb_blocks_editor_width":"","advgb_blocks_columns_visual_guide":"","site-sidebar-layout":"default","site-content-layout":"","ast-site-content-layout":"default","site-content-style":"default","site-sidebar-style":"default","ast-global-header-display":"","ast-banner-title-visibility":"","ast-main-header-display":"","ast-hfb-above-header-display":"","ast-hfb-below-header-display":"","ast-hfb-mobile-header-display":"","site-post-title":"","ast-breadcrumbs-content":"","ast-featured-img":"","footer-sml-layout":"","theme-transparent-header-meta":"","adv-header-id-meta":"","stick-header-meta":"","header-above-stick-meta":"","header-main-stick-meta":"","header-below-stick-meta":"","astra-migrate-meta-layouts":"set","ast-page-background-enabled":"default","ast-page-background-meta":{"desktop":{"background-color":"var(--ast-global-color-4)","background-image":"","background-repeat":"repeat","background-position":"center center","background-size":"auto","background-attachment":"scroll","background-type":"","background-media":"","overlay-type":"","overlay-color":"","overlay-opacity":"","overlay-gradient":""},"tablet":{"background-color":"","background-image":"","background-repeat":"repeat","background-position":"center center","background-size":"auto","background-attachment":"scroll","background-type":"","background-media":"","overlay-type":"","overlay-color":"","overlay-opacity":"","overlay-gradient":""},"mobile":{"background-color":"","background-image":"","background-repeat":"repeat","background-position":"center center","background-size":"auto","background-attachment":"scroll","background-type":"","background-media":"","overlay-type":"","overlay-color":"","overlay-opacity":"","overlay-gradient":""}},"ast-content-background-meta":{"desktop":{"background-color":"var(--ast-global-color-5)","background-image":"","background-repeat":"repeat","background-position":"center center","background-size":"auto","background-attachment":"scroll","background-type":"","background-media":"","overlay-type":"","overlay-color":"","overlay-opacity":"","overlay-gradient":""},"tablet":{"background-color":"var(--ast-global-color-5)","background-image":"","background-repeat":"repeat","background-position":"center center","background-size":"auto","background-attachment":"scroll","background-type":"","background-media":"","overlay-type":"","overlay-color":"","overlay-opacity":"","overlay-gradient":""},"mobile":{"background-color":"var(--ast-global-color-5)","background-image":"","background-repeat":"repeat","background-position":"center center","background-size":"auto","background-attachment":"scroll","background-type":"","background-media":"","overlay-type":"","overlay-color":"","overlay-opacity":"","overlay-gradient":""}},"footnotes":""},"categories":[13,1],"tags":[],"class_list":["post-2032","post","type-post","status-publish","format-standard","has-post-thumbnail","hentry","category-convocatorias","category-todas"],"author_meta":{"display_name":"Comunicaci\u00f3n","author_link":"https:\/\/www.hospitalelcalafate.gob.ar\/?author=3"},"featured_img":"https:\/\/www.hospitalelcalafate.gob.ar\/wp-content\/uploads\/2023\/08\/Convocatoria-300x265.png","uagb_featured_image_src":{"full":["https:\/\/www.hospitalelcalafate.gob.ar\/wp-content\/uploads\/2023\/08\/Convocatoria.png",400,353,false],"thumbnail":["https:\/\/www.hospitalelcalafate.gob.ar\/wp-content\/uploads\/2023\/08\/Convocatoria-150x150.png",150,150,true],"medium":["https:\/\/www.hospitalelcalafate.gob.ar\/wp-content\/uploads\/2023\/08\/Convocatoria-300x265.png",300,265,true],"medium_large":["https:\/\/www.hospitalelcalafate.gob.ar\/wp-content\/uploads\/2023\/08\/Convocatoria.png",400,353,false],"large":["https:\/\/www.hospitalelcalafate.gob.ar\/wp-content\/uploads\/2023\/08\/Convocatoria.png",400,353,false],"1536x1536":["https:\/\/www.hospitalelcalafate.gob.ar\/wp-content\/uploads\/2023\/08\/Convocatoria.png",400,353,false],"2048x2048":["https:\/\/www.hospitalelcalafate.gob.ar\/wp-content\/uploads\/2023\/08\/Convocatoria.png",400,353,false]},"uagb_author_info":{"display_name":"Comunicaci\u00f3n","author_link":"https:\/\/www.hospitalelcalafate.gob.ar\/?author=3"},"uagb_comment_info":0,"uagb_excerpt":"Convocatoria de Especialistas Env\u00edanos tu CV a cv@hospitalelcalafate.gob.ar","coauthors":[],"tax_additional":{"categories":{"linked":["<a href=\"https:\/\/www.hospitalelcalafate.gob.ar\/?cat=13\" class=\"advgb-post-tax-term\">Convocatorias<\/a>","<a href=\"https:\/\/www.hospitalelcalafate.gob.ar\/?cat=1\" class=\"advgb-post-tax-term\">Todas<\/a>"],"unlinked":["<span class=\"advgb-post-tax-term\">Convocatorias<\/span>","<span class=\"advgb-post-tax-term\">Todas<\/span>"]}},"comment_count":"0","relative_dates":{"created":"Publicado 3 a\u00f1os hace","modified":"Actualizado 3 a\u00f1os hace"},"absolute_dates":{"created":"Publicado el 4 de agosto de 2023","modified":"Actualizado el 8 de septiembre de 2023"},"absolute_dates_time":{"created":"Publicado el 4 de agosto de 2023 1:00 pm","modified":"Actualizado el 8 de septiembre de 2023 11:17 am"},"featured_img_caption":"","series_order":"","_links":{"self":[{"href":"https:\/\/www.hospitalelcalafate.gob.ar\/index.php?rest_route=\/wp\/v2\/posts\/2032","targetHints":{"allow":["GET"]}}],"collection":[{"href":"https:\/\/www.hospitalelcalafate.gob.ar\/index.php?rest_route=\/wp\/v2\/posts"}],"about":[{"href":"https:\/\/www.hospitalelcalafate.gob.ar\/index.php?rest_route=\/wp\/v2\/types\/post"}],"author":[{"embeddable":true,"href":"https:\/\/www.hospitalelcalafate.gob.ar\/index.php?rest_route=\/wp\/v2\/users\/3"}],"replies":[{"embeddable":true,"href":"https:\/\/www.hospitalelcalafate.gob.ar\/index.php?rest_route=%2Fwp%2Fv2%2Fcomments&post=2032"}],"version-history":[{"count":3,"href":"https:\/\/www.hospitalelcalafate.gob.ar\/index.php?rest_route=\/wp\/v2\/posts\/2032\/revisions"}],"predecessor-version":[{"id":2631,"href":"https:\/\/www.hospitalelcalafate.gob.ar\/index.php?rest_route=\/wp\/v2\/posts\/2032\/revisions\/2631"}],"wp:featuredmedia":[{"embeddable":true,"href":"https:\/\/www.hospitalelcalafate.gob.ar\/index.php?rest_route=\/wp\/v2\/media\/2037"}],"wp:attachment":[{"href":"https:\/\/www.hospitalelcalafate.gob.ar\/index.php?rest_route=%2Fwp%2Fv2%2Fmedia&parent=2032"}],"wp:term":[{"taxonomy":"category","embeddable":true,"href":"https:\/\/www.hospitalelcalafate.gob.ar\/index.php?rest_route=%2Fwp%2Fv2%2Fcategories&post=2032"},{"taxonomy":"post_tag","embeddable":true,"href":"https:\/\/www.hospitalelcalafate.gob.ar\/index.php?rest_route=%2Fwp%2Fv2%2Ftags&post=2032"}],"curies":[{"name":"wp","href":"https:\/\/api.w.org\/{rel}","templated":true}]}}