{"id":2508,"date":"2023-09-06T13:36:56","date_gmt":"2023-09-06T13:36:56","guid":{"rendered":"https:\/\/www.hospitalelcalafate.gob.ar\/?p=2508"},"modified":"2023-09-06T13:36:56","modified_gmt":"2023-09-06T13:36:56","slug":"se-realizo-el-ingreso-de-los-nuevos-residentes-2023-al-hospital","status":"publish","type":"post","link":"https:\/\/www.hospitalelcalafate.gob.ar\/?p=2508","title":{"rendered":"Se realiz\u00f3 el ingreso de los nuevos Residentes 2023 al hospital"},"content":{"rendered":"\n<h2 class=\"wp-block-heading has-text-align-center\" style=\"margin-bottom:var(--wp--preset--spacing--80)\"><strong>Se realiz\u00f3 el ingreso de los nuevos Residentes 2023 al hospital<\/strong><\/h2>\n\n\n\n<div class=\"wp-block-columns has-ast-global-color-4-background-color has-background is-layout-flex wp-container-core-columns-is-layout-28f84493 wp-block-columns-is-layout-flex\">\n<div class=\"wp-block-column has-ast-global-color-5-background-color has-background is-layout-flow wp-block-column-is-layout-flow\" style=\"padding-top:var(--wp--preset--spacing--30);padding-right:var(--wp--preset--spacing--30);padding-bottom:var(--wp--preset--spacing--30);padding-left:var(--wp--preset--spacing--30);flex-basis:60%\">\n<p class=\"has-medium-font-size\">Durante la ma\u00f1ana del lunes 4 de septiembre, recibimos m\u00e1s de 10 personas para iniciar el camino de formaci\u00f3n profesional. El acto de bienvenida se realiz\u00f3 en el Sal\u00f3n Auditorio y estuvo a cargo el Dr. Javier Lerena, Director Ejecutivo, tambi\u00e9n lo acompa\u00f1aron el Dr. Andres Cini, Presidente del Consejo de Administraci\u00f3n, Dr. Carlos Wilkendorf, Director M\u00e9dico y el Dr. Osvaldo Cordano, jefe del Depto. de Docencia e Investigaci\u00f3n.<\/p>\n\n\n\n<p class=\"has-medium-font-size\">\u201cLa capacitaci\u00f3n constante y las ganas de mejorar nos motivan para ser el centro de referencia de la Patagonia. Gracias a los profesionales formadores y a ustedes por elegirnos para desarrollarse\u201d resalt\u00f3 el Dr. Lerena durante su presentaci\u00f3n.<\/p>\n\n\n\n<p class=\"has-medium-font-size\">Los residentes ya se encuentran tomando clases y conociendo sus servicios, los cuales pertenecen a distintas especialidades como: Tocoginecolog\u00eda, Cirug\u00eda General, Cl\u00ednica M\u00e9dica, Servicio Social, Psicolog\u00eda, Psiquiatr\u00eda, Traumatolog\u00eda y Unidad de Conocimiento Traslacional.<\/p>\n\n\n\n<p class=\"has-medium-font-size\">Le damos la bienvenida a los nuevos Residentes del Hospital SAMIC<\/p>\n<\/div>\n\n\n\n<div class=\"wp-block-column has-ast-global-color-5-background-color has-background is-layout-flow wp-block-column-is-layout-flow\" style=\"padding-top:var(--wp--preset--spacing--30);padding-right:var(--wp--preset--spacing--30);padding-bottom:var(--wp--preset--spacing--30);padding-left:var(--wp--preset--spacing--30)\">\n<figure class=\"wp-block-video\"><video height=\"900\" style=\"aspect-ratio: 720 \/ 900;\" width=\"720\" controls poster=\"https:\/\/www.hospitalelcalafate.gob.ar\/wp-content\/uploads\/2023\/09\/residencias-2023.jpg\" src=\"https:\/\/www.hospitalelcalafate.gob.ar\/wp-content\/uploads\/2023\/09\/Residentes-2023.mp4\"><\/video><\/figure>\n<\/div>\n<\/div>\n","protected":false},"excerpt":{"rendered":"<p>Se realiz\u00f3 el ingreso de los nuevos Residentes 2023 al hospital Durante la ma\u00f1ana del lunes 4 de septiembre, recibimos m\u00e1s de 10 personas para iniciar el camino de formaci\u00f3n profesional. El acto de bienvenida se realiz\u00f3 en el Sal\u00f3n Auditorio y estuvo a cargo el Dr. Javier Lerena, Director Ejecutivo, tambi\u00e9n lo acompa\u00f1aron el [&hellip;]<\/p>\n","protected":false},"author":3,"featured_media":2510,"comment_status":"closed","ping_status":"closed","sticky":false,"template":"","format":"standard","meta":{"_eb_attr":"","_uag_custom_page_level_css":"","advgb_blocks_editor_width":"","advgb_blocks_columns_visual_guide":"","site-sidebar-layout":"default","site-content-layout":"","ast-site-content-layout":"default","site-content-style":"default","site-sidebar-style":"default","ast-global-header-display":"","ast-banner-title-visibility":"","ast-main-header-display":"","ast-hfb-above-header-display":"","ast-hfb-below-header-display":"","ast-hfb-mobile-header-display":"","site-post-title":"","ast-breadcrumbs-content":"","ast-featured-img":"","footer-sml-layout":"","theme-transparent-header-meta":"","adv-header-id-meta":"","stick-header-meta":"","header-above-stick-meta":"","header-main-stick-meta":"","header-below-stick-meta":"","astra-migrate-meta-layouts":"set","ast-page-background-enabled":"default","ast-page-background-meta":{"desktop":{"background-color":"var(--ast-global-color-4)","background-image":"","background-repeat":"repeat","background-position":"center center","background-size":"auto","background-attachment":"scroll","background-type":"","background-media":"","overlay-type":"","overlay-color":"","overlay-opacity":"","overlay-gradient":""},"tablet":{"background-color":"","background-image":"","background-repeat":"repeat","background-position":"center center","background-size":"auto","background-attachment":"scroll","background-type":"","background-media":"","overlay-type":"","overlay-color":"","overlay-opacity":"","overlay-gradient":""},"mobile":{"background-color":"","background-image":"","background-repeat":"repeat","background-position":"center center","background-size":"auto","background-attachment":"scroll","background-type":"","background-media":"","overlay-type":"","overlay-color":"","overlay-opacity":"","overlay-gradient":""}},"ast-content-background-meta":{"desktop":{"background-color":"var(--ast-global-color-5)","background-image":"","background-repeat":"repeat","background-position":"center center","background-size":"auto","background-attachment":"scroll","background-type":"","background-media":"","overlay-type":"","overlay-color":"","overlay-opacity":"","overlay-gradient":""},"tablet":{"background-color":"var(--ast-global-color-5)","background-image":"","background-repeat":"repeat","background-position":"center center","background-size":"auto","background-attachment":"scroll","background-type":"","background-media":"","overlay-type":"","overlay-color":"","overlay-opacity":"","overlay-gradient":""},"mobile":{"background-color":"var(--ast-global-color-5)","background-image":"","background-repeat":"repeat","background-position":"center center","background-size":"auto","background-attachment":"scroll","background-type":"","background-media":"","overlay-type":"","overlay-color":"","overlay-opacity":"","overlay-gradient":""}},"footnotes":""},"categories":[14,1],"tags":[],"class_list":["post-2508","post","type-post","status-publish","format-standard","has-post-thumbnail","hentry","category-divulgacion","category-todas"],"author_meta":{"display_name":"Comunicaci\u00f3n","author_link":"https:\/\/www.hospitalelcalafate.gob.ar\/?author=3"},"featured_img":"https:\/\/www.hospitalelcalafate.gob.ar\/wp-content\/uploads\/2023\/09\/residencias-2023-300x163.jpg","uagb_featured_image_src":{"full":["https:\/\/www.hospitalelcalafate.gob.ar\/wp-content\/uploads\/2023\/09\/residencias-2023.jpg",400,217,false],"thumbnail":["https:\/\/www.hospitalelcalafate.gob.ar\/wp-content\/uploads\/2023\/09\/residencias-2023-150x150.jpg",150,150,true],"medium":["https:\/\/www.hospitalelcalafate.gob.ar\/wp-content\/uploads\/2023\/09\/residencias-2023-300x163.jpg",300,163,true],"medium_large":["https:\/\/www.hospitalelcalafate.gob.ar\/wp-content\/uploads\/2023\/09\/residencias-2023.jpg",400,217,false],"large":["https:\/\/www.hospitalelcalafate.gob.ar\/wp-content\/uploads\/2023\/09\/residencias-2023.jpg",400,217,false],"1536x1536":["https:\/\/www.hospitalelcalafate.gob.ar\/wp-content\/uploads\/2023\/09\/residencias-2023.jpg",400,217,false],"2048x2048":["https:\/\/www.hospitalelcalafate.gob.ar\/wp-content\/uploads\/2023\/09\/residencias-2023.jpg",400,217,false]},"uagb_author_info":{"display_name":"Comunicaci\u00f3n","author_link":"https:\/\/www.hospitalelcalafate.gob.ar\/?author=3"},"uagb_comment_info":0,"uagb_excerpt":"Se realiz\u00f3 el ingreso de los nuevos Residentes 2023 al hospital Durante la ma\u00f1ana del lunes 4 de septiembre, recibimos m\u00e1s de 10 personas para iniciar el camino de formaci\u00f3n profesional. El acto de bienvenida se realiz\u00f3 en el Sal\u00f3n Auditorio y estuvo a cargo el Dr. Javier Lerena, Director Ejecutivo, tambi\u00e9n lo acompa\u00f1aron el&hellip;","coauthors":[],"tax_additional":{"categories":{"linked":["<a href=\"https:\/\/www.hospitalelcalafate.gob.ar\/?cat=14\" class=\"advgb-post-tax-term\">Divulgaci\u00f3n<\/a>","<a href=\"https:\/\/www.hospitalelcalafate.gob.ar\/?cat=1\" class=\"advgb-post-tax-term\">Todas<\/a>"],"unlinked":["<span class=\"advgb-post-tax-term\">Divulgaci\u00f3n<\/span>","<span class=\"advgb-post-tax-term\">Todas<\/span>"]}},"comment_count":"0","relative_dates":{"created":"Publicado 3 a\u00f1os hace","modified":"Actualizado 3 a\u00f1os hace"},"absolute_dates":{"created":"Publicado el 6 de septiembre de 2023","modified":"Actualizado el 6 de septiembre de 2023"},"absolute_dates_time":{"created":"Publicado el 6 de septiembre de 2023 1:36 pm","modified":"Actualizado el 6 de septiembre de 2023 1:36 pm"},"featured_img_caption":"","series_order":"","_links":{"self":[{"href":"https:\/\/www.hospitalelcalafate.gob.ar\/index.php?rest_route=\/wp\/v2\/posts\/2508","targetHints":{"allow":["GET"]}}],"collection":[{"href":"https:\/\/www.hospitalelcalafate.gob.ar\/index.php?rest_route=\/wp\/v2\/posts"}],"about":[{"href":"https:\/\/www.hospitalelcalafate.gob.ar\/index.php?rest_route=\/wp\/v2\/types\/post"}],"author":[{"embeddable":true,"href":"https:\/\/www.hospitalelcalafate.gob.ar\/index.php?rest_route=\/wp\/v2\/users\/3"}],"replies":[{"embeddable":true,"href":"https:\/\/www.hospitalelcalafate.gob.ar\/index.php?rest_route=%2Fwp%2Fv2%2Fcomments&post=2508"}],"version-history":[{"count":6,"href":"https:\/\/www.hospitalelcalafate.gob.ar\/index.php?rest_route=\/wp\/v2\/posts\/2508\/revisions"}],"predecessor-version":[{"id":2516,"href":"https:\/\/www.hospitalelcalafate.gob.ar\/index.php?rest_route=\/wp\/v2\/posts\/2508\/revisions\/2516"}],"wp:featuredmedia":[{"embeddable":true,"href":"https:\/\/www.hospitalelcalafate.gob.ar\/index.php?rest_route=\/wp\/v2\/media\/2510"}],"wp:attachment":[{"href":"https:\/\/www.hospitalelcalafate.gob.ar\/index.php?rest_route=%2Fwp%2Fv2%2Fmedia&parent=2508"}],"wp:term":[{"taxonomy":"category","embeddable":true,"href":"https:\/\/www.hospitalelcalafate.gob.ar\/index.php?rest_route=%2Fwp%2Fv2%2Fcategories&post=2508"},{"taxonomy":"post_tag","embeddable":true,"href":"https:\/\/www.hospitalelcalafate.gob.ar\/index.php?rest_route=%2Fwp%2Fv2%2Ftags&post=2508"}],"curies":[{"name":"wp","href":"https:\/\/api.w.org\/{rel}","templated":true}]}}