{"id":3367,"date":"2024-05-31T08:28:43","date_gmt":"2024-05-31T11:28:43","guid":{"rendered":"https:\/\/www.hospitalelcalafate.gob.ar\/?p=3367"},"modified":"2025-02-10T15:24:54","modified_gmt":"2025-02-10T18:24:54","slug":"convocatoria-medico-especialista-en-terapia-intensiva","status":"publish","type":"post","link":"https:\/\/www.hospitalelcalafate.gob.ar\/?p=3367","title":{"rendered":"Convocatoria M\u00e9dico Especialista en Terapia Intensiva"},"content":{"rendered":"\n<div class=\"wp-block-essential-blocks-button root-eb-button-j2q3g0l\"><div class=\"eb-parent-wrapper eb-parent-eb-button-j2q3g0l \"><div class=\"eb-button-wrapper eb-button-alignment eb-button-j2q3g0l\"><div class=\"eb-button\"><div class=\"eb-button-inner-wrapper \"><a class=\"eb-button-anchor \" href=\"https:\/\/www.hospitalelcalafate.gob.ar\/?page_id=2038\" rel=\"noopener\"><i icon=\"fas fa-arrow-left\" class=\"fas fa-arrow-left eb-button-icon eb-button-icon-left hvr-icon\"><\/i>Volver a Convocatorias<\/a><\/div><\/div><\/div><\/div><\/div>\n\n\n\n<h2 class=\"wp-block-heading has-text-align-center\">Convocatoria M\u00e9dico Especialista en Terapia Intensiva<\/h2>\n\n\n\n<p class=\"has-text-align-center has-medium-font-size\">Env\u00edanos tu CV a rrhhsamic@gmail.com<\/p>\n\n\n\n<div class=\"wp-block-columns alignwide has-medium-font-size is-layout-flex wp-container-core-columns-is-layout-28f84493 wp-block-columns-is-layout-flex\">\n<div class=\"wp-block-column is-layout-flow wp-block-column-is-layout-flow\">\n<p><strong>Formaci\u00f3n y conocimiento:<\/strong> T\u00edtulo Universitario y t\u00edtulo especialista en medicina cr\u00edtica, expedido por Instituci\u00f3n p\u00fablica o privada reconocida oficialmente.<\/p>\n\n\n\n<p><strong>Experiencia requerida: <\/strong>Experiencia comprobable no menor a 3 a\u00f1os en el puesto.<\/p>\n\n\n\n<p><strong>Requisitos Personales<\/strong>: Intenci\u00f3n de radicaci\u00f3n permanente<\/p>\n\n\n\n<p><strong>Se ofrece<\/strong>: Excelentes posibilidades de desarrollo profesional.<\/p>\n<\/div>\n<\/div>\n","protected":false},"excerpt":{"rendered":"<p>Convocatoria M\u00e9dico Especialista en Terapia Intensiva Env\u00edanos tu CV a rrhhsamic@gmail.com Formaci\u00f3n y conocimiento: T\u00edtulo Universitario y t\u00edtulo especialista en medicina cr\u00edtica, expedido por Instituci\u00f3n p\u00fablica o privada reconocida oficialmente. Experiencia requerida: Experiencia comprobable no menor a 3 a\u00f1os en el puesto. Requisitos Personales: Intenci\u00f3n de radicaci\u00f3n permanente Se ofrece: Excelentes posibilidades de desarrollo profesional.<\/p>\n","protected":false},"author":3,"featured_media":3371,"comment_status":"closed","ping_status":"closed","sticky":false,"template":"","format":"standard","meta":{"_eb_attr":"","_uag_custom_page_level_css":"","advgb_blocks_editor_width":"","advgb_blocks_columns_visual_guide":"","site-sidebar-layout":"default","site-content-layout":"","ast-site-content-layout":"default","site-content-style":"default","site-sidebar-style":"default","ast-global-header-display":"","ast-banner-title-visibility":"","ast-main-header-display":"","ast-hfb-above-header-display":"","ast-hfb-below-header-display":"","ast-hfb-mobile-header-display":"","site-post-title":"","ast-breadcrumbs-content":"","ast-featured-img":"","footer-sml-layout":"","theme-transparent-header-meta":"","adv-header-id-meta":"","stick-header-meta":"","header-above-stick-meta":"","header-main-stick-meta":"","header-below-stick-meta":"","astra-migrate-meta-layouts":"set","ast-page-background-enabled":"default","ast-page-background-meta":{"desktop":{"background-color":"var(--ast-global-color-4)","background-image":"","background-repeat":"repeat","background-position":"center center","background-size":"auto","background-attachment":"scroll","background-type":"","background-media":"","overlay-type":"","overlay-color":"","overlay-opacity":"","overlay-gradient":""},"tablet":{"background-color":"","background-image":"","background-repeat":"repeat","background-position":"center center","background-size":"auto","background-attachment":"scroll","background-type":"","background-media":"","overlay-type":"","overlay-color":"","overlay-opacity":"","overlay-gradient":""},"mobile":{"background-color":"","background-image":"","background-repeat":"repeat","background-position":"center center","background-size":"auto","background-attachment":"scroll","background-type":"","background-media":"","overlay-type":"","overlay-color":"","overlay-opacity":"","overlay-gradient":""}},"ast-content-background-meta":{"desktop":{"background-color":"var(--ast-global-color-5)","background-image":"","background-repeat":"repeat","background-position":"center center","background-size":"auto","background-attachment":"scroll","background-type":"","background-media":"","overlay-type":"","overlay-color":"","overlay-opacity":"","overlay-gradient":""},"tablet":{"background-color":"var(--ast-global-color-5)","background-image":"","background-repeat":"repeat","background-position":"center center","background-size":"auto","background-attachment":"scroll","background-type":"","background-media":"","overlay-type":"","overlay-color":"","overlay-opacity":"","overlay-gradient":""},"mobile":{"background-color":"var(--ast-global-color-5)","background-image":"","background-repeat":"repeat","background-position":"center center","background-size":"auto","background-attachment":"scroll","background-type":"","background-media":"","overlay-type":"","overlay-color":"","overlay-opacity":"","overlay-gradient":""}},"footnotes":""},"categories":[13,1],"tags":[],"class_list":["post-3367","post","type-post","status-publish","format-standard","has-post-thumbnail","hentry","category-convocatorias","category-todas"],"author_meta":{"display_name":"Comunicaci\u00f3n","author_link":"https:\/\/www.hospitalelcalafate.gob.ar\/?author=3"},"featured_img":"https:\/\/www.hospitalelcalafate.gob.ar\/wp-content\/uploads\/2024\/05\/convocatoria-terapia-1-300x150.webp","uagb_featured_image_src":{"full":["https:\/\/www.hospitalelcalafate.gob.ar\/wp-content\/uploads\/2024\/05\/convocatoria-terapia-1.webp",800,400,false],"thumbnail":["https:\/\/www.hospitalelcalafate.gob.ar\/wp-content\/uploads\/2024\/05\/convocatoria-terapia-1-150x150.webp",150,150,true],"medium":["https:\/\/www.hospitalelcalafate.gob.ar\/wp-content\/uploads\/2024\/05\/convocatoria-terapia-1-300x150.webp",300,150,true],"medium_large":["https:\/\/www.hospitalelcalafate.gob.ar\/wp-content\/uploads\/2024\/05\/convocatoria-terapia-1-768x384.webp",768,384,true],"large":["https:\/\/www.hospitalelcalafate.gob.ar\/wp-content\/uploads\/2024\/05\/convocatoria-terapia-1.webp",800,400,false],"1536x1536":["https:\/\/www.hospitalelcalafate.gob.ar\/wp-content\/uploads\/2024\/05\/convocatoria-terapia-1.webp",800,400,false],"2048x2048":["https:\/\/www.hospitalelcalafate.gob.ar\/wp-content\/uploads\/2024\/05\/convocatoria-terapia-1.webp",800,400,false]},"uagb_author_info":{"display_name":"Comunicaci\u00f3n","author_link":"https:\/\/www.hospitalelcalafate.gob.ar\/?author=3"},"uagb_comment_info":0,"uagb_excerpt":"Convocatoria M\u00e9dico Especialista en Terapia Intensiva Env\u00edanos tu CV a rrhhsamic@gmail.com Formaci\u00f3n y conocimiento: T\u00edtulo Universitario y t\u00edtulo especialista en medicina cr\u00edtica, expedido por Instituci\u00f3n p\u00fablica o privada reconocida oficialmente. Experiencia requerida: Experiencia comprobable no menor a 3 a\u00f1os en el puesto. Requisitos Personales: Intenci\u00f3n de radicaci\u00f3n permanente Se ofrece: Excelentes posibilidades de desarrollo profesional.","coauthors":[],"tax_additional":{"categories":{"linked":["<a href=\"https:\/\/www.hospitalelcalafate.gob.ar\/?cat=13\" class=\"advgb-post-tax-term\">Convocatorias<\/a>","<a href=\"https:\/\/www.hospitalelcalafate.gob.ar\/?cat=1\" class=\"advgb-post-tax-term\">Todas<\/a>"],"unlinked":["<span class=\"advgb-post-tax-term\">Convocatorias<\/span>","<span class=\"advgb-post-tax-term\">Todas<\/span>"]}},"comment_count":"0","relative_dates":{"created":"Publicado 2 a\u00f1os hace","modified":"Actualizado 1 a\u00f1o hace"},"absolute_dates":{"created":"Publicado el 31 de mayo de 2024","modified":"Actualizado el 10 de febrero de 2025"},"absolute_dates_time":{"created":"Publicado el 31 de mayo de 2024 8:28 am","modified":"Actualizado el 10 de febrero de 2025 3:24 pm"},"featured_img_caption":"","series_order":"","_links":{"self":[{"href":"https:\/\/www.hospitalelcalafate.gob.ar\/index.php?rest_route=\/wp\/v2\/posts\/3367","targetHints":{"allow":["GET"]}}],"collection":[{"href":"https:\/\/www.hospitalelcalafate.gob.ar\/index.php?rest_route=\/wp\/v2\/posts"}],"about":[{"href":"https:\/\/www.hospitalelcalafate.gob.ar\/index.php?rest_route=\/wp\/v2\/types\/post"}],"author":[{"embeddable":true,"href":"https:\/\/www.hospitalelcalafate.gob.ar\/index.php?rest_route=\/wp\/v2\/users\/3"}],"replies":[{"embeddable":true,"href":"https:\/\/www.hospitalelcalafate.gob.ar\/index.php?rest_route=%2Fwp%2Fv2%2Fcomments&post=3367"}],"version-history":[{"count":2,"href":"https:\/\/www.hospitalelcalafate.gob.ar\/index.php?rest_route=\/wp\/v2\/posts\/3367\/revisions"}],"predecessor-version":[{"id":4115,"href":"https:\/\/www.hospitalelcalafate.gob.ar\/index.php?rest_route=\/wp\/v2\/posts\/3367\/revisions\/4115"}],"wp:featuredmedia":[{"embeddable":true,"href":"https:\/\/www.hospitalelcalafate.gob.ar\/index.php?rest_route=\/wp\/v2\/media\/3371"}],"wp:attachment":[{"href":"https:\/\/www.hospitalelcalafate.gob.ar\/index.php?rest_route=%2Fwp%2Fv2%2Fmedia&parent=3367"}],"wp:term":[{"taxonomy":"category","embeddable":true,"href":"https:\/\/www.hospitalelcalafate.gob.ar\/index.php?rest_route=%2Fwp%2Fv2%2Fcategories&post=3367"},{"taxonomy":"post_tag","embeddable":true,"href":"https:\/\/www.hospitalelcalafate.gob.ar\/index.php?rest_route=%2Fwp%2Fv2%2Ftags&post=3367"}],"curies":[{"name":"wp","href":"https:\/\/api.w.org\/{rel}","templated":true}]}}