{"id":3870,"date":"2024-10-29T10:49:35","date_gmt":"2024-10-29T13:49:35","guid":{"rendered":"https:\/\/www.hospitalelcalafate.gob.ar\/?p=3870"},"modified":"2024-10-29T10:50:18","modified_gmt":"2024-10-29T13:50:18","slug":"octubre-rosa-2","status":"publish","type":"post","link":"https:\/\/www.hospitalelcalafate.gob.ar\/?p=3870","title":{"rendered":"OCTUBRE ROSA"},"content":{"rendered":"\n<p>En el Hospital SAMIC, vamos a realizar mamograf\u00edas por demanda espont\u00e1nea, NO es necesario asistir con pedido m\u00e9dico.<br><\/p>\n\n\n\n<p>\u00bfQui\u00e9nes deben realizarse una mamograf\u00eda?<\/p>\n\n\n\n<ul class=\"wp-block-list\">\n<li>Mujeres entre 40 y 70 a\u00f1os de edad <\/li>\n\n\n\n<li>Personas con antecedentes familiares de c\u00e1ncer de mama (menores de 40 a\u00f1os)<\/li>\n\n\n\n<li>Aquellas personas que no se hayan realizado el control anual.<\/li>\n<\/ul>\n\n\n\n<p>Te esperamos del 28 de octubre al 1 de noviembre de 14 a 17:30 hs.<\/p>\n\n\n\n<figure class=\"wp-block-image size-large\"><img loading=\"lazy\" decoding=\"async\" width=\"1024\" height=\"1024\" src=\"https:\/\/www.hospitalelcalafate.gob.ar\/wp-content\/uploads\/2024\/10\/463422639_1115479153917030_3116935253841719666_n-2-1024x1024.jpg\" alt=\"\" class=\"wp-image-3871\" srcset=\"https:\/\/www.hospitalelcalafate.gob.ar\/wp-content\/uploads\/2024\/10\/463422639_1115479153917030_3116935253841719666_n-2-1024x1024.jpg 1024w, https:\/\/www.hospitalelcalafate.gob.ar\/wp-content\/uploads\/2024\/10\/463422639_1115479153917030_3116935253841719666_n-2-300x300.jpg 300w, https:\/\/www.hospitalelcalafate.gob.ar\/wp-content\/uploads\/2024\/10\/463422639_1115479153917030_3116935253841719666_n-2-150x150.jpg 150w, https:\/\/www.hospitalelcalafate.gob.ar\/wp-content\/uploads\/2024\/10\/463422639_1115479153917030_3116935253841719666_n-2-768x768.jpg 768w, https:\/\/www.hospitalelcalafate.gob.ar\/wp-content\/uploads\/2024\/10\/463422639_1115479153917030_3116935253841719666_n-2.jpg 1080w\" sizes=\"auto, (max-width: 1024px) 100vw, 1024px\" \/><\/figure>\n","protected":false},"excerpt":{"rendered":"<p>En el Hospital SAMIC, vamos a realizar mamograf\u00edas por demanda espont\u00e1nea, NO es necesario asistir con pedido m\u00e9dico. \u00bfQui\u00e9nes deben realizarse una mamograf\u00eda? Te esperamos del 28 de octubre al 1 de noviembre de 14 a 17:30 hs.<\/p>\n","protected":false},"author":1,"featured_media":3860,"comment_status":"closed","ping_status":"closed","sticky":false,"template":"","format":"standard","meta":{"_eb_attr":"","_uag_custom_page_level_css":"","advgb_blocks_editor_width":"","advgb_blocks_columns_visual_guide":"","site-sidebar-layout":"default","site-content-layout":"","ast-site-content-layout":"default","site-content-style":"default","site-sidebar-style":"default","ast-global-header-display":"","ast-banner-title-visibility":"","ast-main-header-display":"","ast-hfb-above-header-display":"","ast-hfb-below-header-display":"","ast-hfb-mobile-header-display":"","site-post-title":"","ast-breadcrumbs-content":"","ast-featured-img":"","footer-sml-layout":"","theme-transparent-header-meta":"","adv-header-id-meta":"","stick-header-meta":"","header-above-stick-meta":"","header-main-stick-meta":"","header-below-stick-meta":"","astra-migrate-meta-layouts":"set","ast-page-background-enabled":"default","ast-page-background-meta":{"desktop":{"background-color":"var(--ast-global-color-4)","background-image":"","background-repeat":"repeat","background-position":"center center","background-size":"auto","background-attachment":"scroll","background-type":"","background-media":"","overlay-type":"","overlay-color":"","overlay-opacity":"","overlay-gradient":""},"tablet":{"background-color":"","background-image":"","background-repeat":"repeat","background-position":"center center","background-size":"auto","background-attachment":"scroll","background-type":"","background-media":"","overlay-type":"","overlay-color":"","overlay-opacity":"","overlay-gradient":""},"mobile":{"background-color":"","background-image":"","background-repeat":"repeat","background-position":"center center","background-size":"auto","background-attachment":"scroll","background-type":"","background-media":"","overlay-type":"","overlay-color":"","overlay-opacity":"","overlay-gradient":""}},"ast-content-background-meta":{"desktop":{"background-color":"var(--ast-global-color-5)","background-image":"","background-repeat":"repeat","background-position":"center center","background-size":"auto","background-attachment":"scroll","background-type":"","background-media":"","overlay-type":"","overlay-color":"","overlay-opacity":"","overlay-gradient":""},"tablet":{"background-color":"var(--ast-global-color-5)","background-image":"","background-repeat":"repeat","background-position":"center center","background-size":"auto","background-attachment":"scroll","background-type":"","background-media":"","overlay-type":"","overlay-color":"","overlay-opacity":"","overlay-gradient":""},"mobile":{"background-color":"var(--ast-global-color-5)","background-image":"","background-repeat":"repeat","background-position":"center center","background-size":"auto","background-attachment":"scroll","background-type":"","background-media":"","overlay-type":"","overlay-color":"","overlay-opacity":"","overlay-gradient":""}},"footnotes":""},"categories":[21],"tags":[],"class_list":["post-3870","post","type-post","status-publish","format-standard","has-post-thumbnail","hentry","category-jornadas"],"author_meta":{"display_name":"admin","author_link":"https:\/\/www.hospitalelcalafate.gob.ar\/?author=1"},"featured_img":"https:\/\/www.hospitalelcalafate.gob.ar\/wp-content\/uploads\/2024\/10\/Portada-entrada-inicio-300x150.png","uagb_featured_image_src":{"full":["https:\/\/www.hospitalelcalafate.gob.ar\/wp-content\/uploads\/2024\/10\/Portada-entrada-inicio.png",800,400,false],"thumbnail":["https:\/\/www.hospitalelcalafate.gob.ar\/wp-content\/uploads\/2024\/10\/Portada-entrada-inicio-150x150.png",150,150,true],"medium":["https:\/\/www.hospitalelcalafate.gob.ar\/wp-content\/uploads\/2024\/10\/Portada-entrada-inicio-300x150.png",300,150,true],"medium_large":["https:\/\/www.hospitalelcalafate.gob.ar\/wp-content\/uploads\/2024\/10\/Portada-entrada-inicio-768x384.png",768,384,true],"large":["https:\/\/www.hospitalelcalafate.gob.ar\/wp-content\/uploads\/2024\/10\/Portada-entrada-inicio.png",800,400,false],"1536x1536":["https:\/\/www.hospitalelcalafate.gob.ar\/wp-content\/uploads\/2024\/10\/Portada-entrada-inicio.png",800,400,false],"2048x2048":["https:\/\/www.hospitalelcalafate.gob.ar\/wp-content\/uploads\/2024\/10\/Portada-entrada-inicio.png",800,400,false]},"uagb_author_info":{"display_name":"admin","author_link":"https:\/\/www.hospitalelcalafate.gob.ar\/?author=1"},"uagb_comment_info":0,"uagb_excerpt":"En el Hospital SAMIC, vamos a realizar mamograf\u00edas por demanda espont\u00e1nea, NO es necesario asistir con pedido m\u00e9dico. \u00bfQui\u00e9nes deben realizarse una mamograf\u00eda? Te esperamos del 28 de octubre al 1 de noviembre de 14 a 17:30 hs.","coauthors":[],"tax_additional":{"categories":{"linked":["<a href=\"https:\/\/www.hospitalelcalafate.gob.ar\/?cat=21\" class=\"advgb-post-tax-term\">Jornadas y\/o Capacitaciones<\/a>"],"unlinked":["<span class=\"advgb-post-tax-term\">Jornadas y\/o Capacitaciones<\/span>"]}},"comment_count":"0","relative_dates":{"created":"Publicado 2 a\u00f1os hace","modified":"Actualizado 2 a\u00f1os hace"},"absolute_dates":{"created":"Publicado el 29 de octubre de 2024","modified":"Actualizado el 29 de octubre de 2024"},"absolute_dates_time":{"created":"Publicado el 29 de octubre de 2024 10:49 am","modified":"Actualizado el 29 de octubre de 2024 10:50 am"},"featured_img_caption":"","series_order":"","_links":{"self":[{"href":"https:\/\/www.hospitalelcalafate.gob.ar\/index.php?rest_route=\/wp\/v2\/posts\/3870","targetHints":{"allow":["GET"]}}],"collection":[{"href":"https:\/\/www.hospitalelcalafate.gob.ar\/index.php?rest_route=\/wp\/v2\/posts"}],"about":[{"href":"https:\/\/www.hospitalelcalafate.gob.ar\/index.php?rest_route=\/wp\/v2\/types\/post"}],"author":[{"embeddable":true,"href":"https:\/\/www.hospitalelcalafate.gob.ar\/index.php?rest_route=\/wp\/v2\/users\/1"}],"replies":[{"embeddable":true,"href":"https:\/\/www.hospitalelcalafate.gob.ar\/index.php?rest_route=%2Fwp%2Fv2%2Fcomments&post=3870"}],"version-history":[{"count":2,"href":"https:\/\/www.hospitalelcalafate.gob.ar\/index.php?rest_route=\/wp\/v2\/posts\/3870\/revisions"}],"predecessor-version":[{"id":3960,"href":"https:\/\/www.hospitalelcalafate.gob.ar\/index.php?rest_route=\/wp\/v2\/posts\/3870\/revisions\/3960"}],"wp:featuredmedia":[{"embeddable":true,"href":"https:\/\/www.hospitalelcalafate.gob.ar\/index.php?rest_route=\/wp\/v2\/media\/3860"}],"wp:attachment":[{"href":"https:\/\/www.hospitalelcalafate.gob.ar\/index.php?rest_route=%2Fwp%2Fv2%2Fmedia&parent=3870"}],"wp:term":[{"taxonomy":"category","embeddable":true,"href":"https:\/\/www.hospitalelcalafate.gob.ar\/index.php?rest_route=%2Fwp%2Fv2%2Fcategories&post=3870"},{"taxonomy":"post_tag","embeddable":true,"href":"https:\/\/www.hospitalelcalafate.gob.ar\/index.php?rest_route=%2Fwp%2Fv2%2Ftags&post=3870"}],"curies":[{"name":"wp","href":"https:\/\/api.w.org\/{rel}","templated":true}]}}