{"id":4002,"date":"2025-01-15T17:22:34","date_gmt":"2025-01-15T20:22:34","guid":{"rendered":"https:\/\/www.hospitalelcalafate.gob.ar\/?p=4002"},"modified":"2025-01-15T17:22:34","modified_gmt":"2025-01-15T20:22:34","slug":"acompanamiento-integral-para-el-embarazo-y-el-nacimiento","status":"publish","type":"post","link":"https:\/\/www.hospitalelcalafate.gob.ar\/?p=4002","title":{"rendered":"Acompa\u00f1amiento Integral para el embarazo y el nacimiento"},"content":{"rendered":"\n<p><strong>\u00bfDe qu\u00e9 se trata?<\/strong><\/p>\n\n\n\n<p>Son encuentros para embarazadas y acompa\u00f1antes donde abordaremos temas en torno al embarazo, parto, puerperio y lactancia. Tambi\u00e9n nos prepararemos f\u00edsicamente para lograr una experiencia positiva.<\/p>\n\n\n\n<p>Adem\u00e1s, podes resolver dudas, contar experiencias y tratar otros temas junto al equipo interdisciplinario de nuestra instituci\u00f3n.<\/p>\n\n\n\n<p>Todos los <strong>jueves a las 14:30 hs en el Sal\u00f3n Auditorio<\/strong>, primer piso del Hospital SAMIC.<\/p>\n\n\n\n<figure class=\"wp-block-image size-medium\"><img loading=\"lazy\" decoding=\"async\" width=\"300\" height=\"300\" src=\"https:\/\/www.hospitalelcalafate.gob.ar\/wp-content\/uploads\/2025\/01\/471637796_1175313957933549_8506023599376514419_n-300x300.jpg\" alt=\"\" class=\"wp-image-4003\" srcset=\"https:\/\/www.hospitalelcalafate.gob.ar\/wp-content\/uploads\/2025\/01\/471637796_1175313957933549_8506023599376514419_n-300x300.jpg 300w, https:\/\/www.hospitalelcalafate.gob.ar\/wp-content\/uploads\/2025\/01\/471637796_1175313957933549_8506023599376514419_n-1024x1024.jpg 1024w, https:\/\/www.hospitalelcalafate.gob.ar\/wp-content\/uploads\/2025\/01\/471637796_1175313957933549_8506023599376514419_n-150x150.jpg 150w, https:\/\/www.hospitalelcalafate.gob.ar\/wp-content\/uploads\/2025\/01\/471637796_1175313957933549_8506023599376514419_n-768x768.jpg 768w, https:\/\/www.hospitalelcalafate.gob.ar\/wp-content\/uploads\/2025\/01\/471637796_1175313957933549_8506023599376514419_n.jpg 1080w\" sizes=\"auto, (max-width: 300px) 100vw, 300px\" \/><\/figure>\n","protected":false},"excerpt":{"rendered":"<p>\u00bfDe qu\u00e9 se trata? Son encuentros para embarazadas y acompa\u00f1antes donde abordaremos temas en torno al embarazo, parto, puerperio y lactancia. Tambi\u00e9n nos prepararemos f\u00edsicamente para lograr una experiencia positiva. Adem\u00e1s, podes resolver dudas, contar experiencias y tratar otros temas junto al equipo interdisciplinario de nuestra instituci\u00f3n. Todos los jueves a las 14:30 hs en [&hellip;]<\/p>\n","protected":false},"author":1,"featured_media":4004,"comment_status":"closed","ping_status":"","sticky":false,"template":"","format":"standard","meta":{"_eb_attr":"","_uag_custom_page_level_css":"","advgb_blocks_editor_width":"","advgb_blocks_columns_visual_guide":"","site-sidebar-layout":"default","site-content-layout":"","ast-site-content-layout":"default","site-content-style":"default","site-sidebar-style":"default","ast-global-header-display":"","ast-banner-title-visibility":"","ast-main-header-display":"","ast-hfb-above-header-display":"","ast-hfb-below-header-display":"","ast-hfb-mobile-header-display":"","site-post-title":"","ast-breadcrumbs-content":"","ast-featured-img":"","footer-sml-layout":"","theme-transparent-header-meta":"","adv-header-id-meta":"","stick-header-meta":"","header-above-stick-meta":"","header-main-stick-meta":"","header-below-stick-meta":"","astra-migrate-meta-layouts":"set","ast-page-background-enabled":"default","ast-page-background-meta":{"desktop":{"background-color":"var(--ast-global-color-4)","background-image":"","background-repeat":"repeat","background-position":"center center","background-size":"auto","background-attachment":"scroll","background-type":"","background-media":"","overlay-type":"","overlay-color":"","overlay-opacity":"","overlay-gradient":""},"tablet":{"background-color":"","background-image":"","background-repeat":"repeat","background-position":"center center","background-size":"auto","background-attachment":"scroll","background-type":"","background-media":"","overlay-type":"","overlay-color":"","overlay-opacity":"","overlay-gradient":""},"mobile":{"background-color":"","background-image":"","background-repeat":"repeat","background-position":"center center","background-size":"auto","background-attachment":"scroll","background-type":"","background-media":"","overlay-type":"","overlay-color":"","overlay-opacity":"","overlay-gradient":""}},"ast-content-background-meta":{"desktop":{"background-color":"var(--ast-global-color-5)","background-image":"","background-repeat":"repeat","background-position":"center center","background-size":"auto","background-attachment":"scroll","background-type":"","background-media":"","overlay-type":"","overlay-color":"","overlay-opacity":"","overlay-gradient":""},"tablet":{"background-color":"var(--ast-global-color-5)","background-image":"","background-repeat":"repeat","background-position":"center center","background-size":"auto","background-attachment":"scroll","background-type":"","background-media":"","overlay-type":"","overlay-color":"","overlay-opacity":"","overlay-gradient":""},"mobile":{"background-color":"var(--ast-global-color-5)","background-image":"","background-repeat":"repeat","background-position":"center center","background-size":"auto","background-attachment":"scroll","background-type":"","background-media":"","overlay-type":"","overlay-color":"","overlay-opacity":"","overlay-gradient":""}},"footnotes":""},"categories":[21],"tags":[],"class_list":["post-4002","post","type-post","status-publish","format-standard","has-post-thumbnail","hentry","category-jornadas"],"author_meta":{"display_name":"admin","author_link":"https:\/\/www.hospitalelcalafate.gob.ar\/?author=1"},"featured_img":"https:\/\/www.hospitalelcalafate.gob.ar\/wp-content\/uploads\/2025\/01\/portada-web-maternidad-240x300.png","uagb_featured_image_src":{"full":["https:\/\/www.hospitalelcalafate.gob.ar\/wp-content\/uploads\/2025\/01\/portada-web-maternidad.png",600,750,false],"thumbnail":["https:\/\/www.hospitalelcalafate.gob.ar\/wp-content\/uploads\/2025\/01\/portada-web-maternidad-150x150.png",150,150,true],"medium":["https:\/\/www.hospitalelcalafate.gob.ar\/wp-content\/uploads\/2025\/01\/portada-web-maternidad-240x300.png",240,300,true],"medium_large":["https:\/\/www.hospitalelcalafate.gob.ar\/wp-content\/uploads\/2025\/01\/portada-web-maternidad.png",600,750,false],"large":["https:\/\/www.hospitalelcalafate.gob.ar\/wp-content\/uploads\/2025\/01\/portada-web-maternidad.png",600,750,false],"1536x1536":["https:\/\/www.hospitalelcalafate.gob.ar\/wp-content\/uploads\/2025\/01\/portada-web-maternidad.png",600,750,false],"2048x2048":["https:\/\/www.hospitalelcalafate.gob.ar\/wp-content\/uploads\/2025\/01\/portada-web-maternidad.png",600,750,false]},"uagb_author_info":{"display_name":"admin","author_link":"https:\/\/www.hospitalelcalafate.gob.ar\/?author=1"},"uagb_comment_info":0,"uagb_excerpt":"\u00bfDe qu\u00e9 se trata? Son encuentros para embarazadas y acompa\u00f1antes donde abordaremos temas en torno al embarazo, parto, puerperio y lactancia. Tambi\u00e9n nos prepararemos f\u00edsicamente para lograr una experiencia positiva. Adem\u00e1s, podes resolver dudas, contar experiencias y tratar otros temas junto al equipo interdisciplinario de nuestra instituci\u00f3n. Todos los jueves a las 14:30 hs en&hellip;","coauthors":[],"tax_additional":{"categories":{"linked":["<a href=\"https:\/\/www.hospitalelcalafate.gob.ar\/?cat=21\" class=\"advgb-post-tax-term\">Jornadas y\/o Capacitaciones<\/a>"],"unlinked":["<span class=\"advgb-post-tax-term\">Jornadas y\/o Capacitaciones<\/span>"]}},"comment_count":"0","relative_dates":{"created":"Publicado 1 a\u00f1o hace","modified":"Actualizado 1 a\u00f1o hace"},"absolute_dates":{"created":"Publicado el 15 de enero de 2025","modified":"Actualizado el 15 de enero de 2025"},"absolute_dates_time":{"created":"Publicado el 15 de enero de 2025 5:22 pm","modified":"Actualizado el 15 de enero de 2025 5:22 pm"},"featured_img_caption":"","series_order":"","_links":{"self":[{"href":"https:\/\/www.hospitalelcalafate.gob.ar\/index.php?rest_route=\/wp\/v2\/posts\/4002","targetHints":{"allow":["GET"]}}],"collection":[{"href":"https:\/\/www.hospitalelcalafate.gob.ar\/index.php?rest_route=\/wp\/v2\/posts"}],"about":[{"href":"https:\/\/www.hospitalelcalafate.gob.ar\/index.php?rest_route=\/wp\/v2\/types\/post"}],"author":[{"embeddable":true,"href":"https:\/\/www.hospitalelcalafate.gob.ar\/index.php?rest_route=\/wp\/v2\/users\/1"}],"replies":[{"embeddable":true,"href":"https:\/\/www.hospitalelcalafate.gob.ar\/index.php?rest_route=%2Fwp%2Fv2%2Fcomments&post=4002"}],"version-history":[{"count":2,"href":"https:\/\/www.hospitalelcalafate.gob.ar\/index.php?rest_route=\/wp\/v2\/posts\/4002\/revisions"}],"predecessor-version":[{"id":4042,"href":"https:\/\/www.hospitalelcalafate.gob.ar\/index.php?rest_route=\/wp\/v2\/posts\/4002\/revisions\/4042"}],"wp:featuredmedia":[{"embeddable":true,"href":"https:\/\/www.hospitalelcalafate.gob.ar\/index.php?rest_route=\/wp\/v2\/media\/4004"}],"wp:attachment":[{"href":"https:\/\/www.hospitalelcalafate.gob.ar\/index.php?rest_route=%2Fwp%2Fv2%2Fmedia&parent=4002"}],"wp:term":[{"taxonomy":"category","embeddable":true,"href":"https:\/\/www.hospitalelcalafate.gob.ar\/index.php?rest_route=%2Fwp%2Fv2%2Fcategories&post=4002"},{"taxonomy":"post_tag","embeddable":true,"href":"https:\/\/www.hospitalelcalafate.gob.ar\/index.php?rest_route=%2Fwp%2Fv2%2Ftags&post=4002"}],"curies":[{"name":"wp","href":"https:\/\/api.w.org\/{rel}","templated":true}]}}