{"id":4127,"date":"2025-02-10T15:42:00","date_gmt":"2025-02-10T18:42:00","guid":{"rendered":"https:\/\/www.hospitalelcalafate.gob.ar\/?p=4127"},"modified":"2025-02-25T11:06:24","modified_gmt":"2025-02-25T14:06:24","slug":"medico-especialista-en-clinica","status":"publish","type":"post","link":"https:\/\/www.hospitalelcalafate.gob.ar\/?p=4127","title":{"rendered":"Medico Especialista en Cl\u00ednica"},"content":{"rendered":"\n<p><strong>Formaci\u00f3n y conocimiento:<\/strong>&nbsp;T\u00edtulo especialista reconocido por el consejo medico de la Prov. de Santa Cruz (especialista universitario o t\u00edtulo emitido por entidad que nuclea la especialidad correspondiente)<\/p>\n\n\n\n<p><strong>Experiencia requerida:&nbsp;<\/strong>Experiencia comprobable no menor a 3 a\u00f1os en el puesto.<\/p>\n\n\n\n<p><strong>Requisitos Personales<\/strong>: Intenci\u00f3n de radicaci\u00f3n permanente<\/p>\n\n\n\n<p><strong>Se ofrece<\/strong>: Excelentes posibilidades de desarrollo profesional.<\/p>\n\n\n\n<p><\/p>\n\n\n\n<figure class=\"wp-block-image size-large is-resized\"><img loading=\"lazy\" decoding=\"async\" width=\"819\" height=\"1024\" src=\"https:\/\/www.hospitalelcalafate.gob.ar\/wp-content\/uploads\/2025\/02\/WhatsApp-Image-2025-02-24-at-14.53.58-1-819x1024.jpeg\" alt=\"\" class=\"wp-image-4179\" style=\"width:444px;height:auto\" srcset=\"https:\/\/www.hospitalelcalafate.gob.ar\/wp-content\/uploads\/2025\/02\/WhatsApp-Image-2025-02-24-at-14.53.58-1-819x1024.jpeg 819w, https:\/\/www.hospitalelcalafate.gob.ar\/wp-content\/uploads\/2025\/02\/WhatsApp-Image-2025-02-24-at-14.53.58-1-240x300.jpeg 240w, https:\/\/www.hospitalelcalafate.gob.ar\/wp-content\/uploads\/2025\/02\/WhatsApp-Image-2025-02-24-at-14.53.58-1-768x960.jpeg 768w, https:\/\/www.hospitalelcalafate.gob.ar\/wp-content\/uploads\/2025\/02\/WhatsApp-Image-2025-02-24-at-14.53.58-1.jpeg 1024w\" sizes=\"auto, (max-width: 819px) 100vw, 819px\" \/><\/figure>\n","protected":false},"excerpt":{"rendered":"<p>Formaci\u00f3n y conocimiento:&nbsp;T\u00edtulo especialista reconocido por el consejo medico de la Prov. de Santa Cruz (especialista universitario o t\u00edtulo emitido por entidad que nuclea la especialidad correspondiente) Experiencia requerida:&nbsp;Experiencia comprobable no menor a 3 a\u00f1os en el puesto. Requisitos Personales: Intenci\u00f3n de radicaci\u00f3n permanente Se ofrece: Excelentes posibilidades de desarrollo profesional.<\/p>\n","protected":false},"author":1,"featured_media":4137,"comment_status":"closed","ping_status":"","sticky":false,"template":"","format":"standard","meta":{"_eb_attr":"","_uag_custom_page_level_css":"","advgb_blocks_editor_width":"","advgb_blocks_columns_visual_guide":"","site-sidebar-layout":"default","site-content-layout":"","ast-site-content-layout":"default","site-content-style":"default","site-sidebar-style":"default","ast-global-header-display":"","ast-banner-title-visibility":"","ast-main-header-display":"","ast-hfb-above-header-display":"","ast-hfb-below-header-display":"","ast-hfb-mobile-header-display":"","site-post-title":"","ast-breadcrumbs-content":"","ast-featured-img":"","footer-sml-layout":"","theme-transparent-header-meta":"","adv-header-id-meta":"","stick-header-meta":"","header-above-stick-meta":"","header-main-stick-meta":"","header-below-stick-meta":"","astra-migrate-meta-layouts":"set","ast-page-background-enabled":"default","ast-page-background-meta":{"desktop":{"background-color":"var(--ast-global-color-4)","background-image":"","background-repeat":"repeat","background-position":"center center","background-size":"auto","background-attachment":"scroll","background-type":"","background-media":"","overlay-type":"","overlay-color":"","overlay-opacity":"","overlay-gradient":""},"tablet":{"background-color":"","background-image":"","background-repeat":"repeat","background-position":"center center","background-size":"auto","background-attachment":"scroll","background-type":"","background-media":"","overlay-type":"","overlay-color":"","overlay-opacity":"","overlay-gradient":""},"mobile":{"background-color":"","background-image":"","background-repeat":"repeat","background-position":"center center","background-size":"auto","background-attachment":"scroll","background-type":"","background-media":"","overlay-type":"","overlay-color":"","overlay-opacity":"","overlay-gradient":""}},"ast-content-background-meta":{"desktop":{"background-color":"var(--ast-global-color-5)","background-image":"","background-repeat":"repeat","background-position":"center center","background-size":"auto","background-attachment":"scroll","background-type":"","background-media":"","overlay-type":"","overlay-color":"","overlay-opacity":"","overlay-gradient":""},"tablet":{"background-color":"var(--ast-global-color-5)","background-image":"","background-repeat":"repeat","background-position":"center center","background-size":"auto","background-attachment":"scroll","background-type":"","background-media":"","overlay-type":"","overlay-color":"","overlay-opacity":"","overlay-gradient":""},"mobile":{"background-color":"var(--ast-global-color-5)","background-image":"","background-repeat":"repeat","background-position":"center center","background-size":"auto","background-attachment":"scroll","background-type":"","background-media":"","overlay-type":"","overlay-color":"","overlay-opacity":"","overlay-gradient":""}},"footnotes":""},"categories":[13],"tags":[],"class_list":["post-4127","post","type-post","status-publish","format-standard","has-post-thumbnail","hentry","category-convocatorias"],"author_meta":{"display_name":"admin","author_link":"https:\/\/www.hospitalelcalafate.gob.ar\/?author=1"},"featured_img":"https:\/\/www.hospitalelcalafate.gob.ar\/wp-content\/uploads\/2025\/02\/clinica-300x99.png","uagb_featured_image_src":{"full":["https:\/\/www.hospitalelcalafate.gob.ar\/wp-content\/uploads\/2025\/02\/clinica.png",1080,355,false],"thumbnail":["https:\/\/www.hospitalelcalafate.gob.ar\/wp-content\/uploads\/2025\/02\/clinica-150x150.png",150,150,true],"medium":["https:\/\/www.hospitalelcalafate.gob.ar\/wp-content\/uploads\/2025\/02\/clinica-300x99.png",300,99,true],"medium_large":["https:\/\/www.hospitalelcalafate.gob.ar\/wp-content\/uploads\/2025\/02\/clinica-768x252.png",768,252,true],"large":["https:\/\/www.hospitalelcalafate.gob.ar\/wp-content\/uploads\/2025\/02\/clinica-1024x337.png",1024,337,true],"1536x1536":["https:\/\/www.hospitalelcalafate.gob.ar\/wp-content\/uploads\/2025\/02\/clinica.png",1080,355,false],"2048x2048":["https:\/\/www.hospitalelcalafate.gob.ar\/wp-content\/uploads\/2025\/02\/clinica.png",1080,355,false]},"uagb_author_info":{"display_name":"admin","author_link":"https:\/\/www.hospitalelcalafate.gob.ar\/?author=1"},"uagb_comment_info":0,"uagb_excerpt":"Formaci\u00f3n y conocimiento:&nbsp;T\u00edtulo especialista reconocido por el consejo medico de la Prov. de Santa Cruz (especialista universitario o t\u00edtulo emitido por entidad que nuclea la especialidad correspondiente) Experiencia requerida:&nbsp;Experiencia comprobable no menor a 3 a\u00f1os en el puesto. Requisitos Personales: Intenci\u00f3n de radicaci\u00f3n permanente Se ofrece: Excelentes posibilidades de desarrollo profesional.","coauthors":[],"tax_additional":{"categories":{"linked":["<a href=\"https:\/\/www.hospitalelcalafate.gob.ar\/?cat=13\" class=\"advgb-post-tax-term\">Convocatorias<\/a>"],"unlinked":["<span class=\"advgb-post-tax-term\">Convocatorias<\/span>"]}},"comment_count":"0","relative_dates":{"created":"Publicado 1 a\u00f1o hace","modified":"Actualizado 1 a\u00f1o hace"},"absolute_dates":{"created":"Publicado el 10 de febrero de 2025","modified":"Actualizado el 25 de febrero de 2025"},"absolute_dates_time":{"created":"Publicado el 10 de febrero de 2025 3:42 pm","modified":"Actualizado el 25 de febrero de 2025 11:06 am"},"featured_img_caption":"","series_order":"","_links":{"self":[{"href":"https:\/\/www.hospitalelcalafate.gob.ar\/index.php?rest_route=\/wp\/v2\/posts\/4127","targetHints":{"allow":["GET"]}}],"collection":[{"href":"https:\/\/www.hospitalelcalafate.gob.ar\/index.php?rest_route=\/wp\/v2\/posts"}],"about":[{"href":"https:\/\/www.hospitalelcalafate.gob.ar\/index.php?rest_route=\/wp\/v2\/types\/post"}],"author":[{"embeddable":true,"href":"https:\/\/www.hospitalelcalafate.gob.ar\/index.php?rest_route=\/wp\/v2\/users\/1"}],"replies":[{"embeddable":true,"href":"https:\/\/www.hospitalelcalafate.gob.ar\/index.php?rest_route=%2Fwp%2Fv2%2Fcomments&post=4127"}],"version-history":[{"count":4,"href":"https:\/\/www.hospitalelcalafate.gob.ar\/index.php?rest_route=\/wp\/v2\/posts\/4127\/revisions"}],"predecessor-version":[{"id":4718,"href":"https:\/\/www.hospitalelcalafate.gob.ar\/index.php?rest_route=\/wp\/v2\/posts\/4127\/revisions\/4718"}],"wp:featuredmedia":[{"embeddable":true,"href":"https:\/\/www.hospitalelcalafate.gob.ar\/index.php?rest_route=\/wp\/v2\/media\/4137"}],"wp:attachment":[{"href":"https:\/\/www.hospitalelcalafate.gob.ar\/index.php?rest_route=%2Fwp%2Fv2%2Fmedia&parent=4127"}],"wp:term":[{"taxonomy":"category","embeddable":true,"href":"https:\/\/www.hospitalelcalafate.gob.ar\/index.php?rest_route=%2Fwp%2Fv2%2Fcategories&post=4127"},{"taxonomy":"post_tag","embeddable":true,"href":"https:\/\/www.hospitalelcalafate.gob.ar\/index.php?rest_route=%2Fwp%2Fv2%2Ftags&post=4127"}],"curies":[{"name":"wp","href":"https:\/\/api.w.org\/{rel}","templated":true}]}}