{"id":4329,"date":"2025-06-04T11:48:00","date_gmt":"2025-06-04T14:48:00","guid":{"rendered":"https:\/\/www.hospitalelcalafate.gob.ar\/?p=4329"},"modified":"2025-06-04T11:51:43","modified_gmt":"2025-06-04T14:51:43","slug":"bioquimico","status":"publish","type":"post","link":"https:\/\/www.hospitalelcalafate.gob.ar\/?p=4329","title":{"rendered":"Bioqu\u00edmico"},"content":{"rendered":"\n<p><strong>Formaci\u00f3n y conocimiento:<\/strong>\u00a0T\u00edtulo de grado bioqu\u00edmico, capacitaci\u00f3n y actualizaci\u00f3n continua en temas relacionados a carrea de grado.<\/p>\n\n\n\n<p><strong>Experiencia requerida:\u00a0<\/strong>Experiencia en guardias, toma de muestras de pediatr\u00eda y neonatolog\u00eda.<\/p>\n\n\n\n<p><strong>Requisitos Personales<\/strong>: El postulante realizar\u00e1 su carga horaria en la guardia de emergencias.<\/p>\n\n\n\n<p><strong>Se ofrece<\/strong>: Excelentes posibilidades de desarrollo profesional.<\/p>\n\n\n\n<p><\/p>\n\n\n\n<figure class=\"wp-block-image size-large is-resized\"><img loading=\"lazy\" decoding=\"async\" width=\"819\" height=\"1024\" src=\"https:\/\/www.hospitalelcalafate.gob.ar\/wp-content\/uploads\/2025\/06\/convo-819x1024.png\" alt=\"\" class=\"wp-image-4330\" style=\"width:444px;height:auto\" srcset=\"https:\/\/www.hospitalelcalafate.gob.ar\/wp-content\/uploads\/2025\/06\/convo-819x1024.png 819w, https:\/\/www.hospitalelcalafate.gob.ar\/wp-content\/uploads\/2025\/06\/convo-240x300.png 240w, https:\/\/www.hospitalelcalafate.gob.ar\/wp-content\/uploads\/2025\/06\/convo-768x960.png 768w, https:\/\/www.hospitalelcalafate.gob.ar\/wp-content\/uploads\/2025\/06\/convo.png 1080w\" sizes=\"auto, (max-width: 819px) 100vw, 819px\" \/><\/figure>\n","protected":false},"excerpt":{"rendered":"<p>Formaci\u00f3n y conocimiento:\u00a0T\u00edtulo de grado bioqu\u00edmico, capacitaci\u00f3n y actualizaci\u00f3n continua en temas relacionados a carrea de grado. Experiencia requerida:\u00a0Experiencia en guardias, toma de muestras de pediatr\u00eda y neonatolog\u00eda. Requisitos Personales: El postulante realizar\u00e1 su carga horaria en la guardia de emergencias. Se ofrece: Excelentes posibilidades de desarrollo profesional.<\/p>\n","protected":false},"author":1,"featured_media":4333,"comment_status":"closed","ping_status":"","sticky":false,"template":"","format":"standard","meta":{"_eb_attr":"","_uag_custom_page_level_css":"","advgb_blocks_editor_width":"","advgb_blocks_columns_visual_guide":"","site-sidebar-layout":"default","site-content-layout":"","ast-site-content-layout":"default","site-content-style":"default","site-sidebar-style":"default","ast-global-header-display":"","ast-banner-title-visibility":"","ast-main-header-display":"","ast-hfb-above-header-display":"","ast-hfb-below-header-display":"","ast-hfb-mobile-header-display":"","site-post-title":"","ast-breadcrumbs-content":"","ast-featured-img":"","footer-sml-layout":"","theme-transparent-header-meta":"","adv-header-id-meta":"","stick-header-meta":"","header-above-stick-meta":"","header-main-stick-meta":"","header-below-stick-meta":"","astra-migrate-meta-layouts":"set","ast-page-background-enabled":"default","ast-page-background-meta":{"desktop":{"background-color":"var(--ast-global-color-4)","background-image":"","background-repeat":"repeat","background-position":"center center","background-size":"auto","background-attachment":"scroll","background-type":"","background-media":"","overlay-type":"","overlay-color":"","overlay-opacity":"","overlay-gradient":""},"tablet":{"background-color":"","background-image":"","background-repeat":"repeat","background-position":"center center","background-size":"auto","background-attachment":"scroll","background-type":"","background-media":"","overlay-type":"","overlay-color":"","overlay-opacity":"","overlay-gradient":""},"mobile":{"background-color":"","background-image":"","background-repeat":"repeat","background-position":"center center","background-size":"auto","background-attachment":"scroll","background-type":"","background-media":"","overlay-type":"","overlay-color":"","overlay-opacity":"","overlay-gradient":""}},"ast-content-background-meta":{"desktop":{"background-color":"var(--ast-global-color-5)","background-image":"","background-repeat":"repeat","background-position":"center center","background-size":"auto","background-attachment":"scroll","background-type":"","background-media":"","overlay-type":"","overlay-color":"","overlay-opacity":"","overlay-gradient":""},"tablet":{"background-color":"var(--ast-global-color-5)","background-image":"","background-repeat":"repeat","background-position":"center center","background-size":"auto","background-attachment":"scroll","background-type":"","background-media":"","overlay-type":"","overlay-color":"","overlay-opacity":"","overlay-gradient":""},"mobile":{"background-color":"var(--ast-global-color-5)","background-image":"","background-repeat":"repeat","background-position":"center center","background-size":"auto","background-attachment":"scroll","background-type":"","background-media":"","overlay-type":"","overlay-color":"","overlay-opacity":"","overlay-gradient":""}},"footnotes":""},"categories":[13],"tags":[],"class_list":["post-4329","post","type-post","status-publish","format-standard","has-post-thumbnail","hentry","category-convocatorias"],"author_meta":{"display_name":"admin","author_link":"https:\/\/www.hospitalelcalafate.gob.ar\/?author=1"},"featured_img":"https:\/\/www.hospitalelcalafate.gob.ar\/wp-content\/uploads\/2025\/06\/portadaweb-300x99.png","uagb_featured_image_src":{"full":["https:\/\/www.hospitalelcalafate.gob.ar\/wp-content\/uploads\/2025\/06\/portadaweb-scaled.png",2560,841,false],"thumbnail":["https:\/\/www.hospitalelcalafate.gob.ar\/wp-content\/uploads\/2025\/06\/portadaweb-150x150.png",150,150,true],"medium":["https:\/\/www.hospitalelcalafate.gob.ar\/wp-content\/uploads\/2025\/06\/portadaweb-300x99.png",300,99,true],"medium_large":["https:\/\/www.hospitalelcalafate.gob.ar\/wp-content\/uploads\/2025\/06\/portadaweb-768x252.png",768,252,true],"large":["https:\/\/www.hospitalelcalafate.gob.ar\/wp-content\/uploads\/2025\/06\/portadaweb-1024x337.png",1024,337,true],"1536x1536":["https:\/\/www.hospitalelcalafate.gob.ar\/wp-content\/uploads\/2025\/06\/portadaweb-1536x505.png",1536,505,true],"2048x2048":["https:\/\/www.hospitalelcalafate.gob.ar\/wp-content\/uploads\/2025\/06\/portadaweb-2048x673.png",2048,673,true]},"uagb_author_info":{"display_name":"admin","author_link":"https:\/\/www.hospitalelcalafate.gob.ar\/?author=1"},"uagb_comment_info":0,"uagb_excerpt":"Formaci\u00f3n y conocimiento:\u00a0T\u00edtulo de grado bioqu\u00edmico, capacitaci\u00f3n y actualizaci\u00f3n continua en temas relacionados a carrea de grado. Experiencia requerida:\u00a0Experiencia en guardias, toma de muestras de pediatr\u00eda y neonatolog\u00eda. Requisitos Personales: El postulante realizar\u00e1 su carga horaria en la guardia de emergencias. Se ofrece: Excelentes posibilidades de desarrollo profesional.","coauthors":[],"tax_additional":{"categories":{"linked":["<a href=\"https:\/\/www.hospitalelcalafate.gob.ar\/?cat=13\" class=\"advgb-post-tax-term\">Convocatorias<\/a>"],"unlinked":["<span class=\"advgb-post-tax-term\">Convocatorias<\/span>"]}},"comment_count":"0","relative_dates":{"created":"Publicado 11 meses hace","modified":"Actualizado 11 meses hace"},"absolute_dates":{"created":"Publicado el 4 de junio de 2025","modified":"Actualizado el 4 de junio de 2025"},"absolute_dates_time":{"created":"Publicado el 4 de junio de 2025 11:48 am","modified":"Actualizado el 4 de junio de 2025 11:51 am"},"featured_img_caption":"","series_order":"","_links":{"self":[{"href":"https:\/\/www.hospitalelcalafate.gob.ar\/index.php?rest_route=\/wp\/v2\/posts\/4329","targetHints":{"allow":["GET"]}}],"collection":[{"href":"https:\/\/www.hospitalelcalafate.gob.ar\/index.php?rest_route=\/wp\/v2\/posts"}],"about":[{"href":"https:\/\/www.hospitalelcalafate.gob.ar\/index.php?rest_route=\/wp\/v2\/types\/post"}],"author":[{"embeddable":true,"href":"https:\/\/www.hospitalelcalafate.gob.ar\/index.php?rest_route=\/wp\/v2\/users\/1"}],"replies":[{"embeddable":true,"href":"https:\/\/www.hospitalelcalafate.gob.ar\/index.php?rest_route=%2Fwp%2Fv2%2Fcomments&post=4329"}],"version-history":[{"count":2,"href":"https:\/\/www.hospitalelcalafate.gob.ar\/index.php?rest_route=\/wp\/v2\/posts\/4329\/revisions"}],"predecessor-version":[{"id":4336,"href":"https:\/\/www.hospitalelcalafate.gob.ar\/index.php?rest_route=\/wp\/v2\/posts\/4329\/revisions\/4336"}],"wp:featuredmedia":[{"embeddable":true,"href":"https:\/\/www.hospitalelcalafate.gob.ar\/index.php?rest_route=\/wp\/v2\/media\/4333"}],"wp:attachment":[{"href":"https:\/\/www.hospitalelcalafate.gob.ar\/index.php?rest_route=%2Fwp%2Fv2%2Fmedia&parent=4329"}],"wp:term":[{"taxonomy":"category","embeddable":true,"href":"https:\/\/www.hospitalelcalafate.gob.ar\/index.php?rest_route=%2Fwp%2Fv2%2Fcategories&post=4329"},{"taxonomy":"post_tag","embeddable":true,"href":"https:\/\/www.hospitalelcalafate.gob.ar\/index.php?rest_route=%2Fwp%2Fv2%2Ftags&post=4329"}],"curies":[{"name":"wp","href":"https:\/\/api.w.org\/{rel}","templated":true}]}}